{"id":1937,"date":"2025-04-16T16:14:31","date_gmt":"2025-04-16T22:14:31","guid":{"rendered":"https:\/\/trabucoradio.com\/home\/?p=1937"},"modified":"2025-04-16T16:14:31","modified_gmt":"2025-04-16T22:14:31","slug":"aclara-sheinbaum-que-no-es-partidiaria-de-prohibir-los-corridos","status":"publish","type":"post","link":"https:\/\/trabucoradio.com\/home\/?p=1937","title":{"rendered":"ACLARA SHEINBAUM QUE NO ES PARTIDIARIA DE PROHIBIR LOS CORRIDOS\u00a0"},"content":{"rendered":"<div class=\"xdj266r x11i5rnm xat24cr x1mh8g0r x1vvkbs x126k92a\">\n<div dir=\"auto\">ACLARA SHEINBAUM QUE NO ES PARTIDIARIA DE PROHIBIR LOS CORRIDOS<\/div>\n<div dir=\"auto\"><\/div>\n<\/div>\n<div class=\"x11i5rnm xat24cr x1mh8g0r x1vvkbs xtlvy1s x126k92a\">\n<div dir=\"auto\">Al se\u00f1alar que no es partidaria de prohibir los narcocorridos, sino de apostar por la educaci\u00f3n y que sea la propia sociedad quien los deje de consumir, la presidenta <span class=\"html-span xdj266r x11i5rnm xat24cr x1mh8g0r xexx8yu x4uap5 x18d9i69 xkhd6sd x1hl2dhg x16tdsg8 x1vvkbs\"><a class=\"x1i10hfl xjbqb8w x1ejq31n xd10rxx x1sy0etr x17r0tee x972fbf xcfux6l x1qhh985 xm0m39n x9f619 x1ypdohk xt0psk2 xe8uvvx xdj266r x11i5rnm xat24cr x1mh8g0r xexx8yu x4uap5 x18d9i69 xkhd6sd x16tdsg8 x1hl2dhg xggy1nq x1a2a7pz xkrqix3 x1sur9pj x1fey0fg x1s688f\" tabindex=\"0\" role=\"link\" href=\"https:\/\/www.facebook.com\/ClaudiaSheinbaumPardo?__cft__[0]=AZX-D5DWE75O2g9S5IFdyhs5XAexo-ULCkZjpKC4Y-x8xn-LDAhusmvG3ZE4IYRbRPmBfKxScUDUm3uXxVa7kgtYw6n-MWBfF0TP4mLfhLd7Qb3QGe-2bkmuxFpj-yxO4-xOXKLvbLDciqu-ccuMOkjRM85EmWiy-4CmE2tVEXlSvydTd7LWL548sytxoe22AVk&amp;__tn__=-]K-R\"><span class=\"xt0psk2\"><span class=\"xjp7ctv\">Claudia Sheinbaum Pardo<\/span><\/span><\/a><\/span> record\u00f3 que los estados y municipios tienen autonom\u00eda al respecto.<\/div>\n<div dir=\"auto\"><\/div>\n<\/div>\n<div class=\"x11i5rnm xat24cr x1mh8g0r x1vvkbs xtlvy1s x126k92a\">\n<div dir=\"auto\">Lo anterior, al ser cuestionada sobre algunas localidades que han decidido no reproducir este g\u00e9nero en espacios p\u00fablicos.<\/div>\n<\/div>\n<div class=\"x11i5rnm xat24cr x1mh8g0r x1vvkbs xtlvy1s x126k92a\">\n<div dir=\"auto\">\u00abYo no soy partidaria de las prohibiciones en este caso, hay otras que me parece que son importantes como el caso de los dulces en las escuelas que, ahora no se permite, porque es un tema de salud p\u00fablica.<\/div>\n<div dir=\"auto\"><\/div>\n<\/div>\n<div class=\"x11i5rnm xat24cr x1mh8g0r x1vvkbs xtlvy1s x126k92a\">\n<div dir=\"auto\">Esta forma de establecer letras en la m\u00fasica a partir de cierto tipo de m\u00fasica, de ciertos g\u00e9neros pues es un fen\u00f3meno que ocurre, pienso yo que si se proh\u00edbe.<\/div>\n<\/div>\n<div class=\"x11i5rnm xat24cr x1mh8g0r x1vvkbs xtlvy1s x126k92a\">\n<div dir=\"auto\">\u00abAunque lo est\u00e1n prohibiendo en espacios p\u00fablicos, no es proh\u00edban que alguien en su casa escuche, sino que no se promueven espacios p\u00fablicos, los municipios que han decidido hacerlo, desde mi punto de vista es mejor la educaci\u00f3n, la formaci\u00f3n y que la propia sociedad vaya haciendo un lado estos contenidos musicales que la prohibici\u00f3n\u00bb, indic\u00f3.<\/div>\n<div dir=\"auto\"><\/div>\n<\/div>\n<div class=\"x11i5rnm xat24cr x1mh8g0r x1vvkbs xtlvy1s x126k92a\">\n<div dir=\"auto\">Esto, luego de que el gobernador de Michoac\u00e1n, Alfredo Ram\u00edrez Bedolla, inform\u00f3 que en la entidad se prohibir\u00e1n los espect\u00e1culos p\u00fablicos donde se haga apolog\u00eda del delito y la violencia, advirtiendo que esta semana se publicar\u00e1 un documento para hacerlo oficial.<\/div>\n<div dir=\"auto\"><\/div>\n<\/div>\n<div class=\"x11i5rnm xat24cr x1mh8g0r x1vvkbs xtlvy1s x126k92a\">\n<div dir=\"auto\">A su vez, la jefa de Gobierno de Ciudad de M\u00e9xico, Clara Brugada, anunci\u00f3 que se emitir\u00e1 una directriz para limitar la m\u00fasica con mensajes b\u00e9licos en eventos gubernamentales e impulsar los \u00abcorridos sin violencia\u00bb<\/div>\n<\/div>\n","protected":false},"excerpt":{"rendered":"<p>ACLARA SHEINBAUM QUE NO ES PARTIDIARIA DE PROHIBIR LOS CORRIDOS Al se\u00f1alar que no es partidaria de prohibir los narcocorridos, sino de apostar por la educaci\u00f3n y que sea la propia sociedad quien los deje de consumir, la presidenta Claudia Sheinbaum Pardo record\u00f3 que los estados y municipios tienen autonom\u00eda al respecto. Lo anterior, al [&hellip;]<\/p>\n","protected":false},"author":1,"featured_media":1938,"comment_status":"open","ping_status":"open","sticky":false,"template":"","format":"standard","meta":{"footnotes":""},"categories":[3],"tags":[],"class_list":["post-1937","post","type-post","status-publish","format-standard","has-post-thumbnail","hentry","category-politica"],"_links":{"self":[{"href":"https:\/\/trabucoradio.com\/home\/index.php?rest_route=\/wp\/v2\/posts\/1937","targetHints":{"allow":["GET"]}}],"collection":[{"href":"https:\/\/trabucoradio.com\/home\/index.php?rest_route=\/wp\/v2\/posts"}],"about":[{"href":"https:\/\/trabucoradio.com\/home\/index.php?rest_route=\/wp\/v2\/types\/post"}],"author":[{"embeddable":true,"href":"https:\/\/trabucoradio.com\/home\/index.php?rest_route=\/wp\/v2\/users\/1"}],"replies":[{"embeddable":true,"href":"https:\/\/trabucoradio.com\/home\/index.php?rest_route=%2Fwp%2Fv2%2Fcomments&post=1937"}],"version-history":[{"count":1,"href":"https:\/\/trabucoradio.com\/home\/index.php?rest_route=\/wp\/v2\/posts\/1937\/revisions"}],"predecessor-version":[{"id":1939,"href":"https:\/\/trabucoradio.com\/home\/index.php?rest_route=\/wp\/v2\/posts\/1937\/revisions\/1939"}],"wp:featuredmedia":[{"embeddable":true,"href":"https:\/\/trabucoradio.com\/home\/index.php?rest_route=\/wp\/v2\/media\/1938"}],"wp:attachment":[{"href":"https:\/\/trabucoradio.com\/home\/index.php?rest_route=%2Fwp%2Fv2%2Fmedia&parent=1937"}],"wp:term":[{"taxonomy":"category","embeddable":true,"href":"https:\/\/trabucoradio.com\/home\/index.php?rest_route=%2Fwp%2Fv2%2Fcategories&post=1937"},{"taxonomy":"post_tag","embeddable":true,"href":"https:\/\/trabucoradio.com\/home\/index.php?rest_route=%2Fwp%2Fv2%2Ftags&post=1937"}],"curies":[{"name":"wp","href":"https:\/\/api.w.org\/{rel}","templated":true}]}}