{"id":1921,"date":"2025-04-16T14:26:12","date_gmt":"2025-04-16T20:26:12","guid":{"rendered":"https:\/\/trabucoradio.com\/home\/?p=1921"},"modified":"2025-04-16T14:26:12","modified_gmt":"2025-04-16T20:26:12","slug":"mexico-se-prepara-para-un-aumento-en-las-deportaciones-de-estados-unidos","status":"publish","type":"post","link":"https:\/\/trabucoradio.com\/home\/?p=1921","title":{"rendered":"M\u00c9XICO SE PREPARA PARA UN AUMENTO EN LAS DEPORTACIONES DE ESTADOS UNIDOS"},"content":{"rendered":"<div class=\"xdj266r x11i5rnm xat24cr x1mh8g0r x1vvkbs x126k92a\">\n<div dir=\"auto\">M\u00c9XICO SE PREPARA PARA UN AUMENTO EN LAS DEPORTACIONES DE ESTADOS UNIDOS<\/div>\n<\/div>\n<div dir=\"auto\"><\/div>\n<div dir=\"auto\"><\/div>\n<div class=\"xdj266r x11i5rnm xat24cr x1mh8g0r x1vvkbs x126k92a\">\n<div dir=\"auto\"><\/div>\n<\/div>\n<div class=\"x11i5rnm xat24cr x1mh8g0r x1vvkbs xtlvy1s x126k92a\">\n<div dir=\"auto\">La presidenta de M\u00e9xico, <span class=\"html-span xdj266r x11i5rnm xat24cr x1mh8g0r xexx8yu x4uap5 x18d9i69 xkhd6sd x1hl2dhg x16tdsg8 x1vvkbs\"><a class=\"x1i10hfl xjbqb8w x1ejq31n xd10rxx x1sy0etr x17r0tee x972fbf xcfux6l x1qhh985 xm0m39n x9f619 x1ypdohk xt0psk2 xe8uvvx xdj266r x11i5rnm xat24cr x1mh8g0r xexx8yu x4uap5 x18d9i69 xkhd6sd x16tdsg8 x1hl2dhg xggy1nq x1a2a7pz xkrqix3 x1sur9pj x1fey0fg x1s688f\" tabindex=\"0\" role=\"link\" href=\"https:\/\/www.facebook.com\/ClaudiaSheinbaumPardo?__cft__[0]=AZX5ZZxhk58GQqkwbIJJD8yiQGUWQRjJqcivaItI3y5DWPFuUnrYjEytXuccD7VnejEJhvhKFWTVqmBNw0G8iywvZ8t0wTHuHn2EYRc4hAvR_5GzZEXkJKBfJESe4oyAMdTVryb9Q6uQqAbJtYiLYrck&amp;__tn__=-]K-R\"><span class=\"xt0psk2\"><span class=\"xjp7ctv\">Claudia Sheinbaum Pardo , <\/span><\/span><\/a><\/span>afirm\u00f3 que su Gobierno se est\u00e1 preparando para recibir a los connacionales devueltos desde Estados Unidos, tras la intenci\u00f3n del Gobierno de Donald Trump de aumentar las deportaciones, seg\u00fan detall\u00f3 el diario The Washington Post.<\/div>\n<div dir=\"auto\"><\/div>\n<\/div>\n<div class=\"x11i5rnm xat24cr x1mh8g0r x1vvkbs xtlvy1s x126k92a\">\n<div dir=\"auto\">Ahora hay una cuesti\u00f3n especial del Gobierno de los Estados Unidos que dice que va a haber m\u00e1s deportaciones, entonces nosotros necesitamos tener todo lo necesario para poder recibir a nuestros connacionales y tambi\u00e9n todo el apoyo que les tenemos que dar en los consulados\u201d, apunt\u00f3 la mandataria en su conferencia matutina.<\/div>\n<div dir=\"auto\"><\/div>\n<\/div>\n<div class=\"x11i5rnm xat24cr x1mh8g0r x1vvkbs xtlvy1s x126k92a\">\n<div dir=\"auto\">La gobernante mexicana dijo que ha instruido que se mantengan los 10 centros de atenci\u00f3n en los estados del norte para atender a las personas deportadas de Estados Unidos, ante la probabilidad de que Trump cumpla su meta de expulsar a un mill\u00f3n de personas este a\u00f1o.<\/div>\n<div dir=\"auto\"><\/div>\n<\/div>\n<div class=\"x11i5rnm xat24cr x1mh8g0r x1vvkbs xtlvy1s x126k92a\">\n<div dir=\"auto\">De acuerdo con lo publicado el fin de semana por el diario The Washington Post, el mandatario tendr\u00eda como objetivo la deportaci\u00f3n de ese n\u00famero de personas, lo que ser\u00eda m\u00e1s del doble que el n\u00famero r\u00e9cord de 400.000 deportaciones efectuadas en 2011 por el Gobierno del entonces presidente Barack Obama (2009-2017).<\/div>\n<div dir=\"auto\"><\/div>\n<\/div>\n<div class=\"x11i5rnm xat24cr x1mh8g0r x1vvkbs xtlvy1s x126k92a\">\n<div dir=\"auto\">El endurecimiento de la pol\u00edtica migratoria es una de las medidas en las que m\u00e1s \u00e9nfasis est\u00e1 poniendo desde que lleg\u00f3 al poder en enero Trump, que en campa\u00f1a prometi\u00f3 deportar a \u201cmillones\u201d de personas.<\/div>\n<div dir=\"auto\"><\/div>\n<\/div>\n<div class=\"x11i5rnm xat24cr x1mh8g0r x1vvkbs xtlvy1s x126k92a\">\n<div dir=\"auto\">M\u00e9xico recibi\u00f3 m\u00e1s de 24 mil deportados en las primeras ocho semanas de la nueva presidencia de Trump, incluyendo cuatro mil567 extranjeros, seg\u00fan la \u00faltima actualizaci\u00f3n de Sheinbaum, quien ha prometido apoyo a quienes decidan quedarse en el pa\u00eds.<\/div>\n<\/div>\n","protected":false},"excerpt":{"rendered":"<p>M\u00c9XICO SE PREPARA PARA UN AUMENTO EN LAS DEPORTACIONES DE ESTADOS UNIDOS La presidenta de M\u00e9xico, Claudia Sheinbaum Pardo , afirm\u00f3 que su Gobierno se est\u00e1 preparando para recibir a los connacionales devueltos desde Estados Unidos, tras la intenci\u00f3n del Gobierno de Donald Trump de aumentar las deportaciones, seg\u00fan detall\u00f3 el diario The Washington Post. [&hellip;]<\/p>\n","protected":false},"author":1,"featured_media":1922,"comment_status":"open","ping_status":"open","sticky":false,"template":"","format":"standard","meta":{"footnotes":""},"categories":[3],"tags":[],"class_list":["post-1921","post","type-post","status-publish","format-standard","has-post-thumbnail","hentry","category-politica"],"_links":{"self":[{"href":"https:\/\/trabucoradio.com\/home\/index.php?rest_route=\/wp\/v2\/posts\/1921","targetHints":{"allow":["GET"]}}],"collection":[{"href":"https:\/\/trabucoradio.com\/home\/index.php?rest_route=\/wp\/v2\/posts"}],"about":[{"href":"https:\/\/trabucoradio.com\/home\/index.php?rest_route=\/wp\/v2\/types\/post"}],"author":[{"embeddable":true,"href":"https:\/\/trabucoradio.com\/home\/index.php?rest_route=\/wp\/v2\/users\/1"}],"replies":[{"embeddable":true,"href":"https:\/\/trabucoradio.com\/home\/index.php?rest_route=%2Fwp%2Fv2%2Fcomments&post=1921"}],"version-history":[{"count":1,"href":"https:\/\/trabucoradio.com\/home\/index.php?rest_route=\/wp\/v2\/posts\/1921\/revisions"}],"predecessor-version":[{"id":1923,"href":"https:\/\/trabucoradio.com\/home\/index.php?rest_route=\/wp\/v2\/posts\/1921\/revisions\/1923"}],"wp:featuredmedia":[{"embeddable":true,"href":"https:\/\/trabucoradio.com\/home\/index.php?rest_route=\/wp\/v2\/media\/1922"}],"wp:attachment":[{"href":"https:\/\/trabucoradio.com\/home\/index.php?rest_route=%2Fwp%2Fv2%2Fmedia&parent=1921"}],"wp:term":[{"taxonomy":"category","embeddable":true,"href":"https:\/\/trabucoradio.com\/home\/index.php?rest_route=%2Fwp%2Fv2%2Fcategories&post=1921"},{"taxonomy":"post_tag","embeddable":true,"href":"https:\/\/trabucoradio.com\/home\/index.php?rest_route=%2Fwp%2Fv2%2Ftags&post=1921"}],"curies":[{"name":"wp","href":"https:\/\/api.w.org\/{rel}","templated":true}]}}