{"id":1917,"date":"2025-04-16T14:24:29","date_gmt":"2025-04-16T20:24:29","guid":{"rendered":"https:\/\/trabucoradio.com\/home\/?p=1917"},"modified":"2025-04-16T14:24:29","modified_gmt":"2025-04-16T20:24:29","slug":"javier-may-inversion-en-infraestructura-escolar","status":"publish","type":"post","link":"https:\/\/trabucoradio.com\/home\/?p=1917","title":{"rendered":"JAVIER MAY INVERSI\u00d3N EN INFRAESTRUCTURA ESCOLAR"},"content":{"rendered":"<div class=\"xdj266r x11i5rnm xat24cr x1mh8g0r x1vvkbs x126k92a\">\n<div dir=\"auto\">JAVIER MAY INVERSI\u00d3N EN INFRAESTRUCTURA ESCOLAR<\/div>\n<div dir=\"auto\"><\/div>\n<\/div>\n<div class=\"x11i5rnm xat24cr x1mh8g0r x1vvkbs xtlvy1s x126k92a\">\n<div dir=\"auto\">Al considerar que \u201cla educaci\u00f3n es un derecho, no un privilegio\u201d, el gobernador de Tabasco, <span class=\"html-span xdj266r x11i5rnm xat24cr x1mh8g0r xexx8yu x4uap5 x18d9i69 xkhd6sd x1hl2dhg x16tdsg8 x1vvkbs\"><a class=\"x1i10hfl xjbqb8w x1ejq31n xd10rxx x1sy0etr x17r0tee x972fbf xcfux6l x1qhh985 xm0m39n x9f619 x1ypdohk xt0psk2 xe8uvvx xdj266r x11i5rnm xat24cr x1mh8g0r xexx8yu x4uap5 x18d9i69 xkhd6sd x16tdsg8 x1hl2dhg xggy1nq x1a2a7pz xkrqix3 x1sur9pj x1fey0fg x1s688f\" tabindex=\"0\" role=\"link\" href=\"https:\/\/www.facebook.com\/TabascoJavier?__cft__[0]=AZWBsYl1zlJ3fEvGa0KRP0E-UqWJFbmOjUX2RW712t3W50yUKkiRWvOu1mmSqwe1yArnHdoECI0oUHu425x8o7TYAE1Fqf6_a4orFywCUgMXluLSsTlQycX43poFEmdzQCpDRCDmZZSz-0pT_0uA5-0BLWW0AWlT7PPdQyPwB2j_PG9fsHCrOOFzDj0JSs1PiXk&amp;__tn__=-]K-R\"><span class=\"xt0psk2\"><span class=\"xjp7ctv\">Javier May Rodr\u00edguez <\/span><\/span><\/a><\/span>\u00a0garantiz\u00f3 su compromiso en aplicar acciones para fortalecer la educaci\u00f3n.<\/div>\n<\/div>\n<div class=\"x11i5rnm xat24cr x1mh8g0r x1vvkbs xtlvy1s x126k92a\">\n<div dir=\"auto\">En el inicio de su conferencia ma\u00f1anera, el mandatario se hizo acompa\u00f1ar de la titular del sector educativo, Patricia Iparrea S\u00e1nchez, as\u00ed como funcionarios de esta dependencia reiter\u00f3 las inversiones de la actual administraci\u00f3n en infraestructura que van desde la construcci\u00f3n de planteles hasta ampliaci\u00f3n de nuevas aulas.<\/div>\n<div dir=\"auto\"><\/div>\n<\/div>\n<div class=\"x11i5rnm xat24cr x1mh8g0r x1vvkbs xtlvy1s x126k92a\">\n<div dir=\"auto\">Una de las prioridades, mencion\u00f3 que ha sido garantizar que los maestros cuenten con sus pagos y condiciones laborales en tiempo y forma, as\u00ed como beneficios para los estudiantes como es la entrega de tabletas electr\u00f3nicas, as\u00ed como los desayunos escolares.<\/div>\n<div dir=\"auto\"><\/div>\n<\/div>\n<div class=\"x11i5rnm xat24cr x1mh8g0r x1vvkbs xtlvy1s x126k92a\">\n<div dir=\"auto\">\u201cBuscamos que haya m\u00e1s espacios educativos, estamos realizando muchas acciones para impulsar la educaci\u00f3n en todo el territorio tabasque\u00f1o\u201d, expres\u00f3 May Rodr\u00edguez.<\/div>\n<div dir=\"auto\">Para afianzar la matr\u00edcula escolar del pr\u00f3ximo ciclo, mencion\u00f3 que se ampliar\u00e1 hasta Mayo el periodo de inscripci\u00f3n a nivel b\u00e1sico para que ning\u00fan ni\u00f1o se quede sin acceso a la educaci\u00f3n.<\/div>\n<\/div>\n","protected":false},"excerpt":{"rendered":"<p>JAVIER MAY INVERSI\u00d3N EN INFRAESTRUCTURA ESCOLAR Al considerar que \u201cla educaci\u00f3n es un derecho, no un privilegio\u201d, el gobernador de Tabasco, Javier May Rodr\u00edguez \u00a0garantiz\u00f3 su compromiso en aplicar acciones para fortalecer la educaci\u00f3n. En el inicio de su conferencia ma\u00f1anera, el mandatario se hizo acompa\u00f1ar de la titular del sector educativo, Patricia Iparrea S\u00e1nchez, [&hellip;]<\/p>\n","protected":false},"author":1,"featured_media":1918,"comment_status":"open","ping_status":"open","sticky":false,"template":"","format":"standard","meta":{"footnotes":""},"categories":[3],"tags":[],"class_list":["post-1917","post","type-post","status-publish","format-standard","has-post-thumbnail","hentry","category-politica"],"_links":{"self":[{"href":"https:\/\/trabucoradio.com\/home\/index.php?rest_route=\/wp\/v2\/posts\/1917","targetHints":{"allow":["GET"]}}],"collection":[{"href":"https:\/\/trabucoradio.com\/home\/index.php?rest_route=\/wp\/v2\/posts"}],"about":[{"href":"https:\/\/trabucoradio.com\/home\/index.php?rest_route=\/wp\/v2\/types\/post"}],"author":[{"embeddable":true,"href":"https:\/\/trabucoradio.com\/home\/index.php?rest_route=\/wp\/v2\/users\/1"}],"replies":[{"embeddable":true,"href":"https:\/\/trabucoradio.com\/home\/index.php?rest_route=%2Fwp%2Fv2%2Fcomments&post=1917"}],"version-history":[{"count":1,"href":"https:\/\/trabucoradio.com\/home\/index.php?rest_route=\/wp\/v2\/posts\/1917\/revisions"}],"predecessor-version":[{"id":1919,"href":"https:\/\/trabucoradio.com\/home\/index.php?rest_route=\/wp\/v2\/posts\/1917\/revisions\/1919"}],"wp:featuredmedia":[{"embeddable":true,"href":"https:\/\/trabucoradio.com\/home\/index.php?rest_route=\/wp\/v2\/media\/1918"}],"wp:attachment":[{"href":"https:\/\/trabucoradio.com\/home\/index.php?rest_route=%2Fwp%2Fv2%2Fmedia&parent=1917"}],"wp:term":[{"taxonomy":"category","embeddable":true,"href":"https:\/\/trabucoradio.com\/home\/index.php?rest_route=%2Fwp%2Fv2%2Fcategories&post=1917"},{"taxonomy":"post_tag","embeddable":true,"href":"https:\/\/trabucoradio.com\/home\/index.php?rest_route=%2Fwp%2Fv2%2Ftags&post=1917"}],"curies":[{"name":"wp","href":"https:\/\/api.w.org\/{rel}","templated":true}]}}