{"id":1890,"date":"2025-04-15T11:40:16","date_gmt":"2025-04-15T17:40:16","guid":{"rendered":"https:\/\/trabucoradio.com\/home\/?p=1890"},"modified":"2025-04-15T11:40:16","modified_gmt":"2025-04-15T17:40:16","slug":"gobierno-del-pueblo-convoca-a-presentar-propuestas-para-premio-estatal-de-medio-ambiente-jose-narciso-rovirosa-2025","status":"publish","type":"post","link":"https:\/\/trabucoradio.com\/home\/?p=1890","title":{"rendered":"GOBIERNO DEL PUEBLO CONVOCA A PRESENTAR PROPUESTAS PARA PREMIO ESTATAL DE MEDIO AMBIENTE JOS\u00c9 NARCISO ROVIROSA 2025"},"content":{"rendered":"<div class=\"xdj266r x11i5rnm xat24cr x1mh8g0r x1vvkbs x126k92a\">\n<div dir=\"auto\">\n<div class=\"xdj266r x11i5rnm xat24cr x1mh8g0r x1vvkbs x126k92a\">\n<div dir=\"auto\">GOBIERNO DEL PUEBLO CONVOCA A PRESENTAR PROPUESTAS PARA PREMIO ESTATAL DE MEDIO AMBIENTE JOS\u00c9 NARCISO ROVIROSA 2025<\/div>\n<\/div>\n<\/div>\n<\/div>\n<div dir=\"auto\"><\/div>\n<div dir=\"auto\"><\/div>\n<div dir=\"auto\"><\/div>\n<div dir=\"auto\"><\/div>\n<div dir=\"auto\"><\/div>\n<div class=\"xdj266r x11i5rnm xat24cr x1mh8g0r x1vvkbs x126k92a\">\n<div dir=\"auto\">\n<div class=\"x11i5rnm xat24cr x1mh8g0r x1vvkbs xtlvy1s x126k92a\">\n<div dir=\"auto\">\u2022 Podr\u00e1n postular candidatos las personas f\u00edsicas o jur\u00eddicas colectivas, empresas, instituciones, grupos comunitarios y organismos en general: la recepci\u00f3n de propuestas ser\u00e1 del 14 de abril al 16 de mayo<\/div>\n<div dir=\"auto\"><\/div>\n<\/div>\n<div class=\"x11i5rnm xat24cr x1mh8g0r x1vvkbs xtlvy1s x126k92a\">\n<div dir=\"auto\">El Gobierno del Pueblo convoca a personas f\u00edsicas o jur\u00eddicas colectivas, empresas, instituciones, grupos comunitarios y organismos en general, a presentar sus propuestas de candidatas y candidatos para obtener el Premio Estatal de Medio Ambiente Jos\u00e9 Narciso Rovirosa 2025.<\/div>\n<div dir=\"auto\"><\/div>\n<\/div>\n<div class=\"x11i5rnm xat24cr x1mh8g0r x1vvkbs xtlvy1s x126k92a\">\n<div dir=\"auto\">La convocatoria publicada a trav\u00e9s de la Secretar\u00eda de Medio Ambiente y Desarrollo Sostenible (Semades) establece que el Premio ser\u00e1 otorgado a ni\u00f1as, ni\u00f1os, adolescentes, j\u00f3venes, personas f\u00edsicas o jur\u00eddicas que, por su labor, destaquen en la promoci\u00f3n, protecci\u00f3n o restauraci\u00f3n del medio ambiente en el Estado de Tabasco.<\/div>\n<div dir=\"auto\"><\/div>\n<\/div>\n<div class=\"x11i5rnm xat24cr x1mh8g0r x1vvkbs xtlvy1s x126k92a\">\n<div dir=\"auto\">La recepci\u00f3n de propuestas ser\u00e1 del 14 de abril al 16 de mayo de 2025, de forma f\u00edsica en sobre cerrado, con oficio de entrega en la Unidad de Ventanilla \u00danica de Tr\u00e1mites Ambientales de la Secretar\u00eda de Medio Ambiente y Desarrollo Sostenible, ubicada en Plaza Bugambilia, la cual se localiza en boulevard Adolfo Ruiz Cort\u00ednez, n\u00famero 1206 en el fraccionamiento Oropeza de Tabasco 2000, en Villahermosa. El horario de atenci\u00f3n es de 9:00 a 15:00 horas, de lunes a viernes.<\/div>\n<div dir=\"auto\"><\/div>\n<\/div>\n<div class=\"x11i5rnm xat24cr x1mh8g0r x1vvkbs xtlvy1s x126k92a\">\n<div dir=\"auto\">V\u00eda online tambi\u00e9n se pueden presentar propuestas, ingres\u00e1ndolas mediante el formulario disponible en el link: <span class=\"html-span xdj266r x11i5rnm xat24cr x1mh8g0r xexx8yu x4uap5 x18d9i69 xkhd6sd x1hl2dhg x16tdsg8 x1vvkbs\"><a class=\"x1i10hfl xjbqb8w x1ejq31n xd10rxx x1sy0etr x17r0tee x972fbf xcfux6l x1qhh985 xm0m39n x9f619 x1ypdohk xt0psk2 xe8uvvx xdj266r x11i5rnm xat24cr x1mh8g0r xexx8yu x4uap5 x18d9i69 xkhd6sd x16tdsg8 x1hl2dhg xggy1nq x1a2a7pz xkrqix3 x1sur9pj x1fey0fg x1s688f\" tabindex=\"0\" role=\"link\" href=\"https:\/\/forms.gle\/C7JJdSo4SdJ7Ee359?fbclid=IwZXh0bgNhZW0CMTAAAR4GtmnKHXVmcgAxbAw2YfmMwMnSi4r83xnwdZZUo9M-67vxrmNJIZtmTgsfRA_aem_mj6ozAFuCXMglIB6FIDgWw\" target=\"_blank\" rel=\"nofollow noopener noreferrer\">https:\/\/forms.gle\/C7JJdSo4SdJ7Ee359<\/a><\/span><\/div>\n<\/div>\n<div class=\"x11i5rnm xat24cr x1mh8g0r x1vvkbs xtlvy1s x126k92a\">\n<div dir=\"auto\">El Premio Estatal de Medio Ambiente Jos\u00e9 Narciso Rovirosa 2025 consistente en una medalla alusiva y un reconocimiento, se otorgar\u00e1 en las categor\u00edas: Conservaci\u00f3n y Aprovechamiento Sostenible de los Recursos Naturales; Investigaci\u00f3n en Medio Ambiente y Cambio Clim\u00e1tico; Responsabilidad Ambiental Empresarial o Institucional; Comunidades Sostenibles; Infancias y Adolescencias por la Conservaci\u00f3n del Medio Ambiente y J\u00f3venes ante el Combate del Cambio Clim\u00e1tico.<\/div>\n<div dir=\"auto\"><\/div>\n<\/div>\n<div class=\"x11i5rnm xat24cr x1mh8g0r x1vvkbs xtlvy1s x126k92a\">\n<div dir=\"auto\">La selecci\u00f3n de las personas postuladas al premio constar\u00e1 de dos etapas, en la primera el jurado calificador analizar\u00e1 y seleccionar\u00e1 por mayor\u00eda de votos, las postulaciones finalistas para cada categor\u00eda a galardonar.<\/div>\n<div dir=\"auto\"><\/div>\n<\/div>\n<div class=\"x11i5rnm xat24cr x1mh8g0r x1vvkbs xtlvy1s x126k92a\">\n<div dir=\"auto\">En la segunda etapa y como parte de los ejercicios de democracia participativa que impulsa el Gobierno del Pueblo, se abrir\u00e1 a consulta p\u00fablica para elegir a las y los galardonados de cada categor\u00eda, donde la ciudadan\u00eda podr\u00e1 emitir su voto y ser parte activa en este proceso de selecci\u00f3n.<\/div>\n<\/div>\n<\/div>\n<\/div>\n","protected":false},"excerpt":{"rendered":"<p>GOBIERNO DEL PUEBLO CONVOCA A PRESENTAR PROPUESTAS PARA PREMIO ESTATAL DE MEDIO AMBIENTE JOS\u00c9 NARCISO ROVIROSA 2025 \u2022 Podr\u00e1n postular candidatos las personas f\u00edsicas o jur\u00eddicas colectivas, empresas, instituciones, grupos comunitarios y organismos en general: la recepci\u00f3n de propuestas ser\u00e1 del 14 de abril al 16 de mayo El Gobierno del Pueblo convoca a personas [&hellip;]<\/p>\n","protected":false},"author":1,"featured_media":1891,"comment_status":"open","ping_status":"open","sticky":false,"template":"","format":"standard","meta":{"footnotes":""},"categories":[3],"tags":[],"class_list":["post-1890","post","type-post","status-publish","format-standard","has-post-thumbnail","hentry","category-politica"],"_links":{"self":[{"href":"https:\/\/trabucoradio.com\/home\/index.php?rest_route=\/wp\/v2\/posts\/1890","targetHints":{"allow":["GET"]}}],"collection":[{"href":"https:\/\/trabucoradio.com\/home\/index.php?rest_route=\/wp\/v2\/posts"}],"about":[{"href":"https:\/\/trabucoradio.com\/home\/index.php?rest_route=\/wp\/v2\/types\/post"}],"author":[{"embeddable":true,"href":"https:\/\/trabucoradio.com\/home\/index.php?rest_route=\/wp\/v2\/users\/1"}],"replies":[{"embeddable":true,"href":"https:\/\/trabucoradio.com\/home\/index.php?rest_route=%2Fwp%2Fv2%2Fcomments&post=1890"}],"version-history":[{"count":1,"href":"https:\/\/trabucoradio.com\/home\/index.php?rest_route=\/wp\/v2\/posts\/1890\/revisions"}],"predecessor-version":[{"id":1892,"href":"https:\/\/trabucoradio.com\/home\/index.php?rest_route=\/wp\/v2\/posts\/1890\/revisions\/1892"}],"wp:featuredmedia":[{"embeddable":true,"href":"https:\/\/trabucoradio.com\/home\/index.php?rest_route=\/wp\/v2\/media\/1891"}],"wp:attachment":[{"href":"https:\/\/trabucoradio.com\/home\/index.php?rest_route=%2Fwp%2Fv2%2Fmedia&parent=1890"}],"wp:term":[{"taxonomy":"category","embeddable":true,"href":"https:\/\/trabucoradio.com\/home\/index.php?rest_route=%2Fwp%2Fv2%2Fcategories&post=1890"},{"taxonomy":"post_tag","embeddable":true,"href":"https:\/\/trabucoradio.com\/home\/index.php?rest_route=%2Fwp%2Fv2%2Ftags&post=1890"}],"curies":[{"name":"wp","href":"https:\/\/api.w.org\/{rel}","templated":true}]}}