{"id":1887,"date":"2025-04-15T11:35:29","date_gmt":"2025-04-15T17:35:29","guid":{"rendered":"https:\/\/trabucoradio.com\/home\/?p=1887"},"modified":"2025-04-15T11:35:29","modified_gmt":"2025-04-15T17:35:29","slug":"inicia-operativo-de-semana-santa-en-centros-turisticos-y-carreteras-de-comalcalco","status":"publish","type":"post","link":"https:\/\/trabucoradio.com\/home\/?p=1887","title":{"rendered":"INICIA OPERATIVO DE SEMANA SANTA EN CENTROS TUR\u00cdSTICOS Y CARRETERAS DE COMALCALCO"},"content":{"rendered":"<div class=\"xdj266r x11i5rnm xat24cr x1mh8g0r x1vvkbs x126k92a\">\n<div dir=\"auto\">INICIA OPERATIVO DE SEMANA SANTA EN CENTROS TUR\u00cdSTICOS Y CARRETERAS DE COMALCALCO<\/div>\n<div dir=\"auto\"><\/div>\n<div dir=\"auto\"><\/div>\n<div dir=\"auto\"><\/div>\n<\/div>\n<div class=\"x11i5rnm xat24cr x1mh8g0r x1vvkbs xtlvy1s x126k92a\">\n<div dir=\"auto\">Con un amplio despliegue personal y vehicular, este lunes arranc\u00f3 formalmente en Comalcalco el Plan Operativo Semana Santa 2025, cuyo banderazo de inicio fue dado por el presidente municipal <span class=\"html-span xdj266r x11i5rnm xat24cr x1mh8g0r xexx8yu x4uap5 x18d9i69 xkhd6sd x1hl2dhg x16tdsg8 x1vvkbs\"><a class=\"x1i10hfl xjbqb8w x1ejq31n xd10rxx x1sy0etr x17r0tee x972fbf xcfux6l x1qhh985 xm0m39n x9f619 x1ypdohk xt0psk2 xe8uvvx xdj266r x11i5rnm xat24cr x1mh8g0r xexx8yu x4uap5 x18d9i69 xkhd6sd x16tdsg8 x1hl2dhg xggy1nq x1a2a7pz xkrqix3 x1sur9pj x1fey0fg x1s688f\" tabindex=\"0\" role=\"link\" href=\"https:\/\/www.facebook.com\/OvidioPeraltaS?__cft__[0]=AZWuSIgp3UrUxAulxxo10zhjYXAvZkkNCilLRZls1TmgV5svuZpenFPNSsNUUpgYdAGNbUoyDrxyKCsVLavGemrQgb8aoygUNope27q39SU3szsO6pOkAsnUdzjnMW8OrDKgLjtfZhbTQf1R2OdNcUVEkeB1NfD2W3tSS_9XcLKXwl4TGQJEEqREKy4B-Cx5DJc&amp;__tn__=-]K-R\"><span class=\"xt0psk2\"><span class=\"xjp7ctv\">Ovidio Peralta Su\u00e1rez<\/span><\/span><\/a><\/span>, quien hizo votos para que esta temporada vacacional sea disfrutada de manera segura por todas las familias.<\/div>\n<div dir=\"auto\"><\/div>\n<\/div>\n<div class=\"x11i5rnm xat24cr x1mh8g0r x1vvkbs xtlvy1s x126k92a\">\n<div dir=\"auto\">Espero que al t\u00e9rmino de este periodo de asueto podamos levantar la \u201cbandera blanca\u201d y regresemos todos con bien a nuestros hogares, manifest\u00f3 el alcalde en presencia de autoridades federales, estatales y municipales, as\u00ed como de asociaciones de socorristas voluntarios.<\/div>\n<div dir=\"auto\"><\/div>\n<\/div>\n<div class=\"x11i5rnm xat24cr x1mh8g0r x1vvkbs xtlvy1s x126k92a\">\n<div dir=\"auto\">Acompa\u00f1ado por Armando Pulido Pardo, titular del Instituto de Protecci\u00f3n Civil del Estado de Tabasco, Ovidio Peralta agradeci\u00f3 el compromiso de las instancias de los tres \u00f3rdenes de gobierno, as\u00ed como de los cuerpos de emergencia que de manera voluntaria se suman a este operativo.<\/div>\n<div dir=\"auto\"><\/div>\n<\/div>\n<div class=\"x11i5rnm xat24cr x1mh8g0r x1vvkbs xtlvy1s x126k92a\">\n<div dir=\"auto\">Ante El\u00edas Jim\u00e9nez Torres, director de Protecci\u00f3n Civil, Ovidio Peralta expres\u00f3 que se busca que todas las familias sepan que Comalcalco es seguro, que est\u00e1 listo y cuenta con una estrategia para atender a todos los visitantes, pues en todos los destinos tur\u00edsticos habr\u00e1 presencia activa para responder a quien lo requiera.<\/div>\n<div dir=\"auto\"><\/div>\n<\/div>\n<div class=\"x11i5rnm xat24cr x1mh8g0r x1vvkbs xtlvy1s x126k92a\">\n<div dir=\"auto\">De esa manera, el Plan Operativo Semana Santa 2025 est\u00e1 organizado para recibir a visitantes a centros ecotur\u00edsticos, balnearios y haciendas cacaoteras y chocolateras, como la Zona Arqueol\u00f3gica, Reserva Ecol\u00f3gica Cinco Lagunas, El Corinto; haciendas La Luz, Jes\u00fas Mar\u00eda y Cholula, balnearios y m\u00e1rgenes de r\u00edos.<\/div>\n<div dir=\"auto\"><\/div>\n<\/div>\n<div class=\"x11i5rnm xat24cr x1mh8g0r x1vvkbs xtlvy1s x126k92a\">\n<div dir=\"auto\">Adicionalmente, en el <span class=\"html-span xdj266r x11i5rnm xat24cr x1mh8g0r xexx8yu x4uap5 x18d9i69 xkhd6sd x1hl2dhg x16tdsg8 x1vvkbs\"><a class=\"x1i10hfl xjbqb8w x1ejq31n xd10rxx x1sy0etr x17r0tee x972fbf xcfux6l x1qhh985 xm0m39n x9f619 x1ypdohk xt0psk2 xe8uvvx xdj266r x11i5rnm xat24cr x1mh8g0r xexx8yu x4uap5 x18d9i69 xkhd6sd x16tdsg8 x1hl2dhg xggy1nq x1a2a7pz xkrqix3 x1sur9pj x1fey0fg x1s688f\" tabindex=\"0\" role=\"link\" href=\"https:\/\/www.facebook.com\/ComalcalcoMX?__cft__[0]=AZWuSIgp3UrUxAulxxo10zhjYXAvZkkNCilLRZls1TmgV5svuZpenFPNSsNUUpgYdAGNbUoyDrxyKCsVLavGemrQgb8aoygUNope27q39SU3szsO6pOkAsnUdzjnMW8OrDKgLjtfZhbTQf1R2OdNcUVEkeB1NfD2W3tSS_9XcLKXwl4TGQJEEqREKy4B-Cx5DJc&amp;__tn__=-]K-R\"><span class=\"xt0psk2\"><span class=\"xjp7ctv\">Ayuntamiento Constitucional de Comalcalco<\/span><\/span><\/a><\/span> se implementar\u00e1n tres m\u00f3dulos de vigilancia carretera, atenci\u00f3n e informaci\u00f3n en puntos clave y en los pasos de turistas a destinos de playas y corredores gastron\u00f3micos del municipio de Para\u00edso, que estar\u00e1n integrados con al menos 30 personas cada uno.<\/div>\n<div dir=\"auto\"><\/div>\n<\/div>\n<div class=\"x11i5rnm xat24cr x1mh8g0r x1vvkbs xtlvy1s x126k92a\">\n<div dir=\"auto\">Dichos m\u00f3dulos estar\u00e1n ubicados en la carretera Comalcalco-Para\u00edso (debajo del puente); salida de Ciudad Tecolutilla (Los Pimientos), y en la rancher\u00eda L\u00e1zaro C\u00e1rdenas primera, mismos que contar\u00e1n tambi\u00e9n con ambulancias, camiones cisterna, veh\u00edculos para traslado y equipo especializado para atender emergencias.<\/div>\n<div dir=\"auto\"><\/div>\n<\/div>\n<div class=\"x11i5rnm xat24cr x1mh8g0r x1vvkbs xtlvy1s x126k92a\">\n<div dir=\"auto\">Finalmente, se exhort\u00f3 a la poblaci\u00f3n a mantenerse atenta a las recomendaciones que se difundir\u00e1n a trav\u00e9s de las redes oficiales durante todo el periodo vacacional, y en espec\u00edfico a manejar con precauci\u00f3n y sin haber ingerido alcohol, as\u00ed como poner especial atenci\u00f3n a los menores en balnearios.<\/div>\n<\/div>\n","protected":false},"excerpt":{"rendered":"<p>INICIA OPERATIVO DE SEMANA SANTA EN CENTROS TUR\u00cdSTICOS Y CARRETERAS DE COMALCALCO Con un amplio despliegue personal y vehicular, este lunes arranc\u00f3 formalmente en Comalcalco el Plan Operativo Semana Santa 2025, cuyo banderazo de inicio fue dado por el presidente municipal Ovidio Peralta Su\u00e1rez, quien hizo votos para que esta temporada vacacional sea disfrutada de [&hellip;]<\/p>\n","protected":false},"author":1,"featured_media":1888,"comment_status":"open","ping_status":"open","sticky":false,"template":"","format":"standard","meta":{"footnotes":""},"categories":[3],"tags":[],"class_list":["post-1887","post","type-post","status-publish","format-standard","has-post-thumbnail","hentry","category-politica"],"_links":{"self":[{"href":"https:\/\/trabucoradio.com\/home\/index.php?rest_route=\/wp\/v2\/posts\/1887","targetHints":{"allow":["GET"]}}],"collection":[{"href":"https:\/\/trabucoradio.com\/home\/index.php?rest_route=\/wp\/v2\/posts"}],"about":[{"href":"https:\/\/trabucoradio.com\/home\/index.php?rest_route=\/wp\/v2\/types\/post"}],"author":[{"embeddable":true,"href":"https:\/\/trabucoradio.com\/home\/index.php?rest_route=\/wp\/v2\/users\/1"}],"replies":[{"embeddable":true,"href":"https:\/\/trabucoradio.com\/home\/index.php?rest_route=%2Fwp%2Fv2%2Fcomments&post=1887"}],"version-history":[{"count":1,"href":"https:\/\/trabucoradio.com\/home\/index.php?rest_route=\/wp\/v2\/posts\/1887\/revisions"}],"predecessor-version":[{"id":1889,"href":"https:\/\/trabucoradio.com\/home\/index.php?rest_route=\/wp\/v2\/posts\/1887\/revisions\/1889"}],"wp:featuredmedia":[{"embeddable":true,"href":"https:\/\/trabucoradio.com\/home\/index.php?rest_route=\/wp\/v2\/media\/1888"}],"wp:attachment":[{"href":"https:\/\/trabucoradio.com\/home\/index.php?rest_route=%2Fwp%2Fv2%2Fmedia&parent=1887"}],"wp:term":[{"taxonomy":"category","embeddable":true,"href":"https:\/\/trabucoradio.com\/home\/index.php?rest_route=%2Fwp%2Fv2%2Fcategories&post=1887"},{"taxonomy":"post_tag","embeddable":true,"href":"https:\/\/trabucoradio.com\/home\/index.php?rest_route=%2Fwp%2Fv2%2Ftags&post=1887"}],"curies":[{"name":"wp","href":"https:\/\/api.w.org\/{rel}","templated":true}]}}