{"id":1878,"date":"2025-04-14T15:48:25","date_gmt":"2025-04-14T21:48:25","guid":{"rendered":"https:\/\/trabucoradio.com\/home\/?p=1878"},"modified":"2025-04-14T15:48:25","modified_gmt":"2025-04-14T21:48:25","slug":"gobierno-de-ovidio-peralta-avanza-y-cumple-sus-compromisos-en-comalcalco","status":"publish","type":"post","link":"https:\/\/trabucoradio.com\/home\/?p=1878","title":{"rendered":"GOBIERNO DE OVIDIO PERALTA AVANZA Y CUMPLE SUS COMPROMISOS EN COMALCALCO"},"content":{"rendered":"<div class=\"xdj266r x11i5rnm xat24cr x1mh8g0r x1vvkbs x126k92a\">\n<div dir=\"auto\">GOBIERNO DE OVIDIO PERALTA AVANZA Y CUMPLE SUS COMPROMISOS EN COMALCALCO<\/div>\n<\/div>\n<div dir=\"auto\"><\/div>\n<div dir=\"auto\"><\/div>\n<div class=\"x11i5rnm xat24cr x1mh8g0r x1vvkbs xtlvy1s x126k92a\">\n<div dir=\"auto\">Bajo la premisa de avanzar en el progreso de Comalcalco y dar celeridad a los compromisos adquiridos con sus paisanos, el alcalde <span class=\"html-span xdj266r x11i5rnm xat24cr x1mh8g0r xexx8yu x4uap5 x18d9i69 xkhd6sd x1hl2dhg x16tdsg8 x1vvkbs\"><a class=\"x1i10hfl xjbqb8w x1ejq31n xd10rxx x1sy0etr x17r0tee x972fbf xcfux6l x1qhh985 xm0m39n x9f619 x1ypdohk xt0psk2 xe8uvvx xdj266r x11i5rnm xat24cr x1mh8g0r xexx8yu x4uap5 x18d9i69 xkhd6sd x16tdsg8 x1hl2dhg xggy1nq x1a2a7pz xkrqix3 x1sur9pj x1fey0fg x1s688f\" tabindex=\"0\" role=\"link\" href=\"https:\/\/www.facebook.com\/OvidioPeraltaS?__cft__[0]=AZWSxHKSAIglADNtKY72IX3xVO20PuEWqTLguxD1ToL08hlREt8cI5cEDN9gl5fUroEhOKsPezmtkpV_EJ0d37tTlEUc21U2BEb7-6p98DFtkYzJkz3jJ0hvnhfYHVOqTesVup3_omlLvhux-r3kGW3pH5FKkDB9LtqzvR3tWkudOUTzJy9n8h_kQvMEFqqE8Ek&amp;__tn__=-]K-R\"><span class=\"xt0psk2\"><span class=\"xjp7ctv\">Ovidio Peralta Su\u00e1rez<\/span><\/span><\/a><\/span> supervis\u00f3 obras viales y entreg\u00f3 viviendas del programa Calli-Co, que en conjunto representan una inversi\u00f3n municipal de casi 18.8 millones de pesos.<\/div>\n<div dir=\"auto\"><\/div>\n<\/div>\n<div class=\"x11i5rnm xat24cr x1mh8g0r x1vvkbs xtlvy1s x126k92a\">\n<div dir=\"auto\">Muy temprano, el presidente municipal del <span class=\"html-span xdj266r x11i5rnm xat24cr x1mh8g0r xexx8yu x4uap5 x18d9i69 xkhd6sd x1hl2dhg x16tdsg8 x1vvkbs\"><a class=\"x1i10hfl xjbqb8w x1ejq31n xd10rxx x1sy0etr x17r0tee x972fbf xcfux6l x1qhh985 xm0m39n x9f619 x1ypdohk xt0psk2 xe8uvvx xdj266r x11i5rnm xat24cr x1mh8g0r xexx8yu x4uap5 x18d9i69 xkhd6sd x16tdsg8 x1hl2dhg xggy1nq x1a2a7pz xkrqix3 x1sur9pj x1fey0fg x1s688f\" tabindex=\"0\" role=\"link\" href=\"https:\/\/www.facebook.com\/ComalcalcoMX?__cft__[0]=AZWSxHKSAIglADNtKY72IX3xVO20PuEWqTLguxD1ToL08hlREt8cI5cEDN9gl5fUroEhOKsPezmtkpV_EJ0d37tTlEUc21U2BEb7-6p98DFtkYzJkz3jJ0hvnhfYHVOqTesVup3_omlLvhux-r3kGW3pH5FKkDB9LtqzvR3tWkudOUTzJy9n8h_kQvMEFqqE8Ek&amp;__tn__=-]K-R\"><span class=\"xt0psk2\"><span class=\"xjp7ctv\">Ayuntamiento Constitucional de Comalcalco<\/span><\/span><\/a><\/span> se traslad\u00f3 a Ciudad Tecolutilla, donde constat\u00f3 el avance que registran las construcciones con concreto hidr\u00e1ulico de la calle Andr\u00e9s S\u00e1nchez Magallanes, la de pavimento asf\u00e1ltico en la calle S\u00e1nchez M\u00e1rmol, y la del puente peatonal y vehicular en la calle Gregorio M\u00e9ndez.<\/div>\n<div dir=\"auto\"><\/div>\n<\/div>\n<div class=\"x11i5rnm xat24cr x1mh8g0r x1vvkbs xtlvy1s x126k92a\">\n<div dir=\"auto\">Esas tres acciones del gobierno de la innovaci\u00f3n y honestidad ser\u00e1n de amplio beneficio para los habitantes de esa ciudad, pues permitir\u00e1n un mejor tr\u00e1nsito vehicular y mejorar\u00e1n la imagen urbana; en ellas se ejercen recursos del orden de los 18.1 millones de pesos.<\/div>\n<div dir=\"auto\"><\/div>\n<\/div>\n<div class=\"x11i5rnm xat24cr x1mh8g0r x1vvkbs xtlvy1s x126k92a\">\n<div dir=\"auto\">La pavimentaci\u00f3n con concreto hidr\u00e1ulico en la calle S\u00e1nchez Magallanes tiene una extensi\u00f3n de poco m\u00e1s de un kil\u00f3metro; Ah\u00ed se habilitan banquetas y guarniciones, y se reparan algunos tramos del drenaje de la zona, mientras que la de la calle S\u00e1nchez M\u00e1rmol la meta es de casi 600 metros lineales.<\/div>\n<div dir=\"auto\"><\/div>\n<\/div>\n<div class=\"x11i5rnm xat24cr x1mh8g0r x1vvkbs xtlvy1s x126k92a\">\n<div dir=\"auto\">En esas viviendas, la administraci\u00f3n municipal ejerci\u00f3 poco m\u00e1s de 650 mil pesos; ante ello, el alcalde se\u00f1al\u00f3 que en Comalcalco se sigue avanzando en la meta de transformar las condiciones de vida de sus paisanos, quienes han sido la gu\u00eda para seguir impulsando el progreso de su municipio.<\/div>\n<div dir=\"auto\"><\/div>\n<\/div>\n<div class=\"x11i5rnm xat24cr x1mh8g0r x1vvkbs xtlvy1s x126k92a\">\n<div dir=\"auto\">Finalmente, el presidente municipal se traslad\u00f3 a la zona de manglares, donde en Cocohital entreg\u00f3 un vale por una tonelada de alimento para camar\u00f3n a los integrantes de la Cooperativa Tres Palmas, con quienes recorri\u00f3 los estanques y conoci\u00f3 la actividad de producci\u00f3n del crust\u00e1ceo.<\/div>\n<\/div>\n","protected":false},"excerpt":{"rendered":"<p>GOBIERNO DE OVIDIO PERALTA AVANZA Y CUMPLE SUS COMPROMISOS EN COMALCALCO Bajo la premisa de avanzar en el progreso de Comalcalco y dar celeridad a los compromisos adquiridos con sus paisanos, el alcalde Ovidio Peralta Su\u00e1rez supervis\u00f3 obras viales y entreg\u00f3 viviendas del programa Calli-Co, que en conjunto representan una inversi\u00f3n municipal de casi 18.8 [&hellip;]<\/p>\n","protected":false},"author":1,"featured_media":1879,"comment_status":"open","ping_status":"open","sticky":false,"template":"","format":"standard","meta":{"footnotes":""},"categories":[3],"tags":[],"class_list":["post-1878","post","type-post","status-publish","format-standard","has-post-thumbnail","hentry","category-politica"],"_links":{"self":[{"href":"https:\/\/trabucoradio.com\/home\/index.php?rest_route=\/wp\/v2\/posts\/1878","targetHints":{"allow":["GET"]}}],"collection":[{"href":"https:\/\/trabucoradio.com\/home\/index.php?rest_route=\/wp\/v2\/posts"}],"about":[{"href":"https:\/\/trabucoradio.com\/home\/index.php?rest_route=\/wp\/v2\/types\/post"}],"author":[{"embeddable":true,"href":"https:\/\/trabucoradio.com\/home\/index.php?rest_route=\/wp\/v2\/users\/1"}],"replies":[{"embeddable":true,"href":"https:\/\/trabucoradio.com\/home\/index.php?rest_route=%2Fwp%2Fv2%2Fcomments&post=1878"}],"version-history":[{"count":1,"href":"https:\/\/trabucoradio.com\/home\/index.php?rest_route=\/wp\/v2\/posts\/1878\/revisions"}],"predecessor-version":[{"id":1880,"href":"https:\/\/trabucoradio.com\/home\/index.php?rest_route=\/wp\/v2\/posts\/1878\/revisions\/1880"}],"wp:featuredmedia":[{"embeddable":true,"href":"https:\/\/trabucoradio.com\/home\/index.php?rest_route=\/wp\/v2\/media\/1879"}],"wp:attachment":[{"href":"https:\/\/trabucoradio.com\/home\/index.php?rest_route=%2Fwp%2Fv2%2Fmedia&parent=1878"}],"wp:term":[{"taxonomy":"category","embeddable":true,"href":"https:\/\/trabucoradio.com\/home\/index.php?rest_route=%2Fwp%2Fv2%2Fcategories&post=1878"},{"taxonomy":"post_tag","embeddable":true,"href":"https:\/\/trabucoradio.com\/home\/index.php?rest_route=%2Fwp%2Fv2%2Ftags&post=1878"}],"curies":[{"name":"wp","href":"https:\/\/api.w.org\/{rel}","templated":true}]}}