{"id":1856,"date":"2025-04-14T15:25:01","date_gmt":"2025-04-14T21:25:01","guid":{"rendered":"https:\/\/trabucoradio.com\/home\/?p=1856"},"modified":"2025-04-14T15:25:01","modified_gmt":"2025-04-14T21:25:01","slug":"se-reune-alcaldesa-de-huimanguillo-con-juan-jose-peralta-focil","status":"publish","type":"post","link":"https:\/\/trabucoradio.com\/home\/?p=1856","title":{"rendered":"SE REUNE ALCALDESA DE HUIMANGUILLO CON JUAN JOS\u00c9 PERALTA F\u00d3CIL\u00a0"},"content":{"rendered":"<div class=\"xdj266r x11i5rnm xat24cr x1mh8g0r x1vvkbs x126k92a\">\n<div dir=\"auto\">SE REUNE ALCALDESA DE HUIMANGUILLO CON JUAN JOS\u00c9 PERALTA F\u00d3CIL<\/div>\n<\/div>\n<div dir=\"auto\"><\/div>\n<div dir=\"auto\"><\/div>\n<div dir=\"auto\"><\/div>\n<div class=\"x11i5rnm xat24cr x1mh8g0r x1vvkbs xtlvy1s x126k92a\">\n<div dir=\"auto\">La alcaldesa de Huimanguillo <span class=\"html-span xdj266r x11i5rnm xat24cr x1mh8g0r xexx8yu x4uap5 x18d9i69 xkhd6sd x1hl2dhg x16tdsg8 x1vvkbs\"><a class=\"x1i10hfl xjbqb8w x1ejq31n xd10rxx x1sy0etr x17r0tee x972fbf xcfux6l x1qhh985 xm0m39n x9f619 x1ypdohk xt0psk2 xe8uvvx xdj266r x11i5rnm xat24cr x1mh8g0r xexx8yu x4uap5 x18d9i69 xkhd6sd x16tdsg8 x1hl2dhg xggy1nq x1a2a7pz xkrqix3 x1sur9pj x1fey0fg x1s688f\" tabindex=\"0\" role=\"link\" href=\"https:\/\/www.facebook.com\/MariluzVelJim?__cft__[0]=AZXfXEb_3Ac5snR_vkhXyZKbT1LwvvlJ55bX4Xk64eE0Xms6X1Y2QJbg8TjAy2AaAnS6V-2wj7c34WbvdQwcSoy9dyepGsrEc9npqyZdjm1OEk5oP5dsTqzVkEN8DiVhjQIs_Hv-3AGV4Pp07BdCrIsALuSb9lP1eCEyx7m0MR0_fRrNazQ6ZClBMz7hjRM4wv8&amp;__tn__=-]K-R\"><span class=\"xt0psk2\"><span class=\"xjp7ctv\">Mari Luz Vel\u00e1zquez Jim\u00e9nez<\/span><\/span><\/a><\/span> sostuvo una reuni\u00f3n con el Fiscal General del \u00d3rgano Superior de Fiscalizaci\u00f3n del Estado de <span class=\"html-span xdj266r x11i5rnm xat24cr x1mh8g0r xexx8yu x4uap5 x18d9i69 xkhd6sd x1hl2dhg x16tdsg8 x1vvkbs\"><a class=\"x1i10hfl xjbqb8w x1ejq31n xd10rxx x1sy0etr x17r0tee x972fbf xcfux6l x1qhh985 xm0m39n x9f619 x1ypdohk xt0psk2 xe8uvvx xdj266r x11i5rnm xat24cr x1mh8g0r xexx8yu x4uap5 x18d9i69 xkhd6sd x16tdsg8 x1hl2dhg xggy1nq x1a2a7pz xkrqix3 x1sur9pj x1fey0fg x1s688f\" tabindex=\"0\" role=\"link\" href=\"https:\/\/www.facebook.com\/hashtag\/tabasco?__eep__=6&amp;__cft__[0]=AZXfXEb_3Ac5snR_vkhXyZKbT1LwvvlJ55bX4Xk64eE0Xms6X1Y2QJbg8TjAy2AaAnS6V-2wj7c34WbvdQwcSoy9dyepGsrEc9npqyZdjm1OEk5oP5dsTqzVkEN8DiVhjQIs_Hv-3AGV4Pp07BdCrIsALuSb9lP1eCEyx7m0MR0_fRrNazQ6ZClBMz7hjRM4wv8&amp;__tn__=*NK-R\">#Tabasco<\/a><\/span>, Juan Jos\u00e9 Peralta F\u00f3cil, y su equipo de trabajo.<\/div>\n<div dir=\"auto\"><\/div>\n<\/div>\n<div class=\"x11i5rnm xat24cr x1mh8g0r x1vvkbs xtlvy1s x126k92a\">\n<div dir=\"auto\">La presidenta municipal remarc\u00f3 que, este encuentro reafirma el compromiso del <span class=\"html-span xdj266r x11i5rnm xat24cr x1mh8g0r xexx8yu x4uap5 x18d9i69 xkhd6sd x1hl2dhg x16tdsg8 x1vvkbs\"><a class=\"x1i10hfl xjbqb8w x1ejq31n xd10rxx x1sy0etr x17r0tee x972fbf xcfux6l x1qhh985 xm0m39n x9f619 x1ypdohk xt0psk2 xe8uvvx xdj266r x11i5rnm xat24cr x1mh8g0r xexx8yu x4uap5 x18d9i69 xkhd6sd x16tdsg8 x1hl2dhg xggy1nq x1a2a7pz xkrqix3 x1sur9pj x1fey0fg x1s688f\" tabindex=\"0\" role=\"link\" href=\"https:\/\/www.facebook.com\/GobiernoDeHuimanguillo?__cft__[0]=AZXfXEb_3Ac5snR_vkhXyZKbT1LwvvlJ55bX4Xk64eE0Xms6X1Y2QJbg8TjAy2AaAnS6V-2wj7c34WbvdQwcSoy9dyepGsrEc9npqyZdjm1OEk5oP5dsTqzVkEN8DiVhjQIs_Hv-3AGV4Pp07BdCrIsALuSb9lP1eCEyx7m0MR0_fRrNazQ6ZClBMz7hjRM4wv8&amp;__tn__=-]K-R\"><span class=\"xt0psk2\"><span class=\"xjp7ctv\">Gobierno de Huimanguillo. 2024 &#8211; 2027<\/span><\/span><\/a><\/span> con la rendici\u00f3n de cuentas y la transparencia en el manejo de los recursos del pueblo, promoviendo una relaci\u00f3n respetuosa y colaborativa con las instancias fiscalizadoras.<\/div>\n<\/div>\n","protected":false},"excerpt":{"rendered":"<p>SE REUNE ALCALDESA DE HUIMANGUILLO CON JUAN JOS\u00c9 PERALTA F\u00d3CIL La alcaldesa de Huimanguillo Mari Luz Vel\u00e1zquez Jim\u00e9nez sostuvo una reuni\u00f3n con el Fiscal General del \u00d3rgano Superior de Fiscalizaci\u00f3n del Estado de #Tabasco, Juan Jos\u00e9 Peralta F\u00f3cil, y su equipo de trabajo. La presidenta municipal remarc\u00f3 que, este encuentro reafirma el compromiso del Gobierno [&hellip;]<\/p>\n","protected":false},"author":1,"featured_media":1857,"comment_status":"open","ping_status":"open","sticky":false,"template":"","format":"standard","meta":{"footnotes":""},"categories":[3],"tags":[],"class_list":["post-1856","post","type-post","status-publish","format-standard","has-post-thumbnail","hentry","category-politica"],"_links":{"self":[{"href":"https:\/\/trabucoradio.com\/home\/index.php?rest_route=\/wp\/v2\/posts\/1856","targetHints":{"allow":["GET"]}}],"collection":[{"href":"https:\/\/trabucoradio.com\/home\/index.php?rest_route=\/wp\/v2\/posts"}],"about":[{"href":"https:\/\/trabucoradio.com\/home\/index.php?rest_route=\/wp\/v2\/types\/post"}],"author":[{"embeddable":true,"href":"https:\/\/trabucoradio.com\/home\/index.php?rest_route=\/wp\/v2\/users\/1"}],"replies":[{"embeddable":true,"href":"https:\/\/trabucoradio.com\/home\/index.php?rest_route=%2Fwp%2Fv2%2Fcomments&post=1856"}],"version-history":[{"count":1,"href":"https:\/\/trabucoradio.com\/home\/index.php?rest_route=\/wp\/v2\/posts\/1856\/revisions"}],"predecessor-version":[{"id":1858,"href":"https:\/\/trabucoradio.com\/home\/index.php?rest_route=\/wp\/v2\/posts\/1856\/revisions\/1858"}],"wp:featuredmedia":[{"embeddable":true,"href":"https:\/\/trabucoradio.com\/home\/index.php?rest_route=\/wp\/v2\/media\/1857"}],"wp:attachment":[{"href":"https:\/\/trabucoradio.com\/home\/index.php?rest_route=%2Fwp%2Fv2%2Fmedia&parent=1856"}],"wp:term":[{"taxonomy":"category","embeddable":true,"href":"https:\/\/trabucoradio.com\/home\/index.php?rest_route=%2Fwp%2Fv2%2Fcategories&post=1856"},{"taxonomy":"post_tag","embeddable":true,"href":"https:\/\/trabucoradio.com\/home\/index.php?rest_route=%2Fwp%2Fv2%2Ftags&post=1856"}],"curies":[{"name":"wp","href":"https:\/\/api.w.org\/{rel}","templated":true}]}}