{"id":1850,"date":"2025-04-14T15:19:38","date_gmt":"2025-04-14T21:19:38","guid":{"rendered":"https:\/\/trabucoradio.com\/home\/?p=1850"},"modified":"2025-04-14T15:21:39","modified_gmt":"2025-04-14T21:21:39","slug":"el-prd-tabasco-rechaza-el-nombramiento-de-oswald-lara-porque-representa-un-retroceso-en-la-democracia-rafael-acosta-leon","status":"publish","type":"post","link":"https:\/\/trabucoradio.com\/home\/?p=1850","title":{"rendered":"EL PRD TABASCO RECHAZA EL NOMBRAMIENTO DE OSWALD LARA PORQUE REPRESENTA UN RETROCESO EN LA DEMOCRACIA: RAFAEL ACOSTA LE\u00d3N"},"content":{"rendered":"<div class=\"xdj266r x11i5rnm xat24cr x1mh8g0r x1vvkbs x126k92a\">\n<div dir=\"auto\">EL PRD TABASCO RECHAZA EL NOMBRAMIENTO DE OSWALD LARA PORQUE REPRESENTA UN RETROCESO EN LA DEMOCRACIA: RAFAEL ACOSTA LE\u00d3N<\/div>\n<\/div>\n<div dir=\"auto\"><\/div>\n<div dir=\"auto\"><\/div>\n<div dir=\"auto\"><\/div>\n<div class=\"x11i5rnm xat24cr x1mh8g0r x1vvkbs xtlvy1s x126k92a\">\n<div dir=\"auto\">El <span class=\"html-span xdj266r x11i5rnm xat24cr x1mh8g0r xexx8yu x4uap5 x18d9i69 xkhd6sd x1hl2dhg x16tdsg8 x1vvkbs\"><a class=\"x1i10hfl xjbqb8w x1ejq31n xd10rxx x1sy0etr x17r0tee x972fbf xcfux6l x1qhh985 xm0m39n x9f619 x1ypdohk xt0psk2 xe8uvvx xdj266r x11i5rnm xat24cr x1mh8g0r xexx8yu x4uap5 x18d9i69 xkhd6sd x16tdsg8 x1hl2dhg xggy1nq x1a2a7pz xkrqix3 x1sur9pj x1fey0fg x1s688f\" tabindex=\"0\" role=\"link\" href=\"https:\/\/www.facebook.com\/TabascoPRD?__cft__[0]=AZVdzVjJ9YzNFOyMfbBBlPO48MI9IkpwqXWNsxYj6kqncGEjGS_Ze1IwJPtT9Q0Zn1nx1XYq-Y0r_oD2mcW5w5vugqYFhrqgnTvfQwWxenhl7IeVBuRjNX_hfGdCQADp_QUmG5gR0FpfGYtymM5Zlha7EjuI3qMktn4j0s69o59nHsgUmvNZoa1QZ4jbfQxdXk0&amp;__tn__=-]K-R\"><span class=\"xt0psk2\"><span class=\"xjp7ctv\">PRD Tabasco<\/span><\/span><\/a><\/span>, rechaza el nombramiento de Oswald Lara como magistrado del Tribunal Electoral de <span class=\"html-span xdj266r x11i5rnm xat24cr x1mh8g0r xexx8yu x4uap5 x18d9i69 xkhd6sd x1hl2dhg x16tdsg8 x1vvkbs\"><a class=\"x1i10hfl xjbqb8w x1ejq31n xd10rxx x1sy0etr x17r0tee x972fbf xcfux6l x1qhh985 xm0m39n x9f619 x1ypdohk xt0psk2 xe8uvvx xdj266r x11i5rnm xat24cr x1mh8g0r xexx8yu x4uap5 x18d9i69 xkhd6sd x16tdsg8 x1hl2dhg xggy1nq x1a2a7pz xkrqix3 x1sur9pj x1fey0fg x1s688f\" tabindex=\"0\" role=\"link\" href=\"https:\/\/www.facebook.com\/hashtag\/tabasco?__eep__=6&amp;__cft__[0]=AZVdzVjJ9YzNFOyMfbBBlPO48MI9IkpwqXWNsxYj6kqncGEjGS_Ze1IwJPtT9Q0Zn1nx1XYq-Y0r_oD2mcW5w5vugqYFhrqgnTvfQwWxenhl7IeVBuRjNX_hfGdCQADp_QUmG5gR0FpfGYtymM5Zlha7EjuI3qMktn4j0s69o59nHsgUmvNZoa1QZ4jbfQxdXk0&amp;__tn__=*NK-R\">#Tabasco<\/a><\/span>, porque representa un retroceso en la democracia, no es garant\u00eda de imparcialidad para un proceso electoral, sostuvo el dirigente, <span class=\"html-span xdj266r x11i5rnm xat24cr x1mh8g0r xexx8yu x4uap5 x18d9i69 xkhd6sd x1hl2dhg x16tdsg8 x1vvkbs\"><a class=\"x1i10hfl xjbqb8w x1ejq31n xd10rxx x1sy0etr x17r0tee x972fbf xcfux6l x1qhh985 xm0m39n x9f619 x1ypdohk xt0psk2 xe8uvvx xdj266r x11i5rnm xat24cr x1mh8g0r xexx8yu x4uap5 x18d9i69 xkhd6sd x16tdsg8 x1hl2dhg xggy1nq x1a2a7pz xkrqix3 x1sur9pj x1fey0fg x1s688f\" tabindex=\"0\" role=\"link\" href=\"https:\/\/www.facebook.com\/profile.php?id=61556661942527&amp;__cft__[0]=AZVdzVjJ9YzNFOyMfbBBlPO48MI9IkpwqXWNsxYj6kqncGEjGS_Ze1IwJPtT9Q0Zn1nx1XYq-Y0r_oD2mcW5w5vugqYFhrqgnTvfQwWxenhl7IeVBuRjNX_hfGdCQADp_QUmG5gR0FpfGYtymM5Zlha7EjuI3qMktn4j0s69o59nHsgUmvNZoa1QZ4jbfQxdXk0&amp;__tn__=-]K-R\"><span class=\"xt0psk2\"><span class=\"xjp7ctv\">Rafael Acosta Le\u00f3n<\/span><\/span><\/a><\/span>, al tiempo de exponer que ese nombramiento pone en riesgo la elecci\u00f3n del 2027.<\/div>\n<div dir=\"auto\"><\/div>\n<\/div>\n<div class=\"x11i5rnm xat24cr x1mh8g0r x1vvkbs xtlvy1s x126k92a\">\n<div dir=\"auto\">En su conferencia de prensa de los lunes, Acosta Le\u00f3n adelant\u00f3 que el PRD Tabasco, participar\u00e1 bajo protesta en el proceso electoral del 2027, porque Morena y su mal llamada cuarta transformaci\u00f3n se est\u00e1n apoderando de los \u00f3rganos electorales.<\/div>\n<div dir=\"auto\"><\/div>\n<\/div>\n<div class=\"x11i5rnm xat24cr x1mh8g0r x1vvkbs xtlvy1s x126k92a\">\n<div dir=\"auto\">\u201cPara rechazar -precis\u00f3 el presidente del Comit\u00e9 Ejecutivo Estatal- la imposici\u00f3n de Oswald Lara Borges como magistrado del Tribunal Electoral de Tabasco, representa los interese de Morena y no los de la democracia, como presidente del PRD Tabasco, expresamos nuestro rechazo a la decisi\u00f3n tomada por el Senado, el pasado 9 de abril, porque es un agravio para la democracia\u201d.<\/div>\n<div dir=\"auto\"><\/div>\n<\/div>\n<div class=\"x11i5rnm xat24cr x1mh8g0r x1vvkbs xtlvy1s x126k92a\">\n<div dir=\"auto\">\u201cDesde el PRD, -expres\u00f3 el dirigente del PRD Tabasco- reiteramos que los tribunales, deben ser independientes del poder pol\u00edtico, espacios de equilibrio y no de sometimiento, con el nombramiento de Lara Borges, se tiene un retroceso democr\u00e1tico y un riesgo para la imparcialidad del proceso electoral del 2027\u201d.<\/div>\n<div dir=\"auto\"><\/div>\n<\/div>\n<div class=\"x11i5rnm xat24cr x1mh8g0r x1vvkbs xtlvy1s x126k92a\">\n<div dir=\"auto\">Advirti\u00f3 que el PRD Tabasco estar\u00e1 vigilante del desempe\u00f1o y actuaci\u00f3n de Lara Borges en el Tribunal Electoral de Tabasco, no se debe olvidar que \u00e9l fue parte de la defensa y el robo de parte de Morena de la elecci\u00f3n de Jalpa de M\u00e9ndez, que fue ganada por el PRD.<\/div>\n<div dir=\"auto\"><\/div>\n<\/div>\n<div class=\"x11i5rnm xat24cr x1mh8g0r x1vvkbs xtlvy1s x126k92a\">\n<div dir=\"auto\">\u201cA Oswald Lara Borges -precis\u00f3 Acosta Le\u00f3n- le decimos que no cuente con nuestra confianza ni con nuestro silencio, su papel ser\u00e1 observado con lupa por una ciudadan\u00eda cada vez m\u00e1s cr\u00edtica y por una oposici\u00f3n que no est\u00e1 dispuesta a tolerar m\u00e1s atropellos al orden constitucional\u201d.<\/div>\n<div dir=\"auto\"><\/div>\n<\/div>\n<div class=\"x11i5rnm xat24cr x1mh8g0r x1vvkbs xtlvy1s x126k92a\">\n<div dir=\"auto\">Expuso que el PRD Tabasco, alza la voz por la legalidad, por la justicia electoral y por el derecho de los ciudadanos a procesos verdaderamente imparciales, es un llamado de alerta porque la democracia no se vende ni se negocia.<\/div>\n<\/div>\n","protected":false},"excerpt":{"rendered":"<p>EL PRD TABASCO RECHAZA EL NOMBRAMIENTO DE OSWALD LARA PORQUE REPRESENTA UN RETROCESO EN LA DEMOCRACIA: RAFAEL ACOSTA LE\u00d3N El PRD Tabasco, rechaza el nombramiento de Oswald Lara como magistrado del Tribunal Electoral de #Tabasco, porque representa un retroceso en la democracia, no es garant\u00eda de imparcialidad para un proceso electoral, sostuvo el dirigente, Rafael [&hellip;]<\/p>\n","protected":false},"author":1,"featured_media":1852,"comment_status":"open","ping_status":"open","sticky":false,"template":"","format":"standard","meta":{"footnotes":""},"categories":[3],"tags":[],"class_list":["post-1850","post","type-post","status-publish","format-standard","has-post-thumbnail","hentry","category-politica"],"_links":{"self":[{"href":"https:\/\/trabucoradio.com\/home\/index.php?rest_route=\/wp\/v2\/posts\/1850","targetHints":{"allow":["GET"]}}],"collection":[{"href":"https:\/\/trabucoradio.com\/home\/index.php?rest_route=\/wp\/v2\/posts"}],"about":[{"href":"https:\/\/trabucoradio.com\/home\/index.php?rest_route=\/wp\/v2\/types\/post"}],"author":[{"embeddable":true,"href":"https:\/\/trabucoradio.com\/home\/index.php?rest_route=\/wp\/v2\/users\/1"}],"replies":[{"embeddable":true,"href":"https:\/\/trabucoradio.com\/home\/index.php?rest_route=%2Fwp%2Fv2%2Fcomments&post=1850"}],"version-history":[{"count":3,"href":"https:\/\/trabucoradio.com\/home\/index.php?rest_route=\/wp\/v2\/posts\/1850\/revisions"}],"predecessor-version":[{"id":1855,"href":"https:\/\/trabucoradio.com\/home\/index.php?rest_route=\/wp\/v2\/posts\/1850\/revisions\/1855"}],"wp:featuredmedia":[{"embeddable":true,"href":"https:\/\/trabucoradio.com\/home\/index.php?rest_route=\/wp\/v2\/media\/1852"}],"wp:attachment":[{"href":"https:\/\/trabucoradio.com\/home\/index.php?rest_route=%2Fwp%2Fv2%2Fmedia&parent=1850"}],"wp:term":[{"taxonomy":"category","embeddable":true,"href":"https:\/\/trabucoradio.com\/home\/index.php?rest_route=%2Fwp%2Fv2%2Fcategories&post=1850"},{"taxonomy":"post_tag","embeddable":true,"href":"https:\/\/trabucoradio.com\/home\/index.php?rest_route=%2Fwp%2Fv2%2Ftags&post=1850"}],"curies":[{"name":"wp","href":"https:\/\/api.w.org\/{rel}","templated":true}]}}