{"id":1300,"date":"2025-01-27T15:42:33","date_gmt":"2025-01-27T21:42:33","guid":{"rendered":"https:\/\/trabucoradio.com\/home\/?p=1300"},"modified":"2025-01-27T15:42:33","modified_gmt":"2025-01-27T21:42:33","slug":"da-gobierno-de-ovidio-peralta-un-paso-mas-para-transformar-la-vida-de-los-comalcalquenses","status":"publish","type":"post","link":"https:\/\/trabucoradio.com\/home\/?p=1300","title":{"rendered":"DA GOBIERNO DE OVIDIO PERALTA UN PASO M\u00c1S PARA TRANSFORMAR LA VIDA DE LOS COMALCALQUENSES"},"content":{"rendered":"<p><strong>DA GOBIERNO DE OVIDIO PERALTA UN PASO M\u00c1S PARA TRANSFORMAR LA VIDA DE LOS COMALCALQUENSES<\/strong><\/p>\n<p>Un paso m\u00e1s en la meta de mejorar la calidad de vida de las familias de Comalcalco, dio el gobierno del alcalde Ovidio Peralta Su\u00e1rez, al entregar 20 viviendas del programa CALLI-CO, en cuya construcci\u00f3n se ejercieron recursos del ramo 33 por poco m\u00e1s de 2.6 millones de pesos.<\/p>\n<p>En la colonia Bethania, de Ciudad Tecolutilla, el presidente municipal expres\u00f3 a las 20 familias beneficiadas que esas casas son m\u00e1s que una edificaci\u00f3n hecha con cemento, arena y ladrillos, sino que se trata de un s\u00f3lido cimiento mediante el que podr\u00e1n seguir construyendo sus sue\u00f1os.<\/p>\n<p>Ovidio Peralta los felicit\u00f3 porque ya cuentan con un patrimonio que podr\u00e1n heredar a sus hijos en la meta de que sigan saliendo adelante, y afirm\u00f3 que el compromiso de la Cuarta Transformaci\u00f3n es que todas y todos los comalcalquenses cuenten cada vez con mayores oportunidades de progresar.<\/p>\n<p>Cabe mencionar que las 20 viviendas entregadas &#8211;cuyo proceso de edificaci\u00f3n inici\u00f3 el 21 de octubre y concluy\u00f3 el 15 de diciembre de 2024&#8211; tienen un \u00e1rea de construcci\u00f3n de 29.28 metros cuadrados e incluyen una rec\u00e1mara, sala-comedor, cocina y ba\u00f1o.<\/p>\n<p>Finalmente, es importante mencionar que el programa CALLI-CO, que tuvo su origen en la administraci\u00f3n municipal del actual gobernador Javier May, no solo representa un avance significativo en justicia social, sino tambi\u00e9n es un paso firme hacia la construcci\u00f3n de un municipio m\u00e1s equitativo, justo y pr\u00f3spero para todos.<\/p>\n","protected":false},"excerpt":{"rendered":"<p>DA GOBIERNO DE OVIDIO PERALTA UN PASO M\u00c1S PARA TRANSFORMAR LA VIDA DE LOS COMALCALQUENSES Un paso m\u00e1s en la meta de mejorar la calidad de vida de las familias de Comalcalco, dio el gobierno del alcalde Ovidio Peralta Su\u00e1rez, al entregar 20 viviendas del programa CALLI-CO, en cuya construcci\u00f3n se ejercieron recursos del ramo [&hellip;]<\/p>\n","protected":false},"author":1,"featured_media":1301,"comment_status":"open","ping_status":"open","sticky":false,"template":"","format":"standard","meta":{"footnotes":""},"categories":[4],"tags":[],"class_list":["post-1300","post","type-post","status-publish","format-standard","has-post-thumbnail","hentry","category-noticias"],"_links":{"self":[{"href":"https:\/\/trabucoradio.com\/home\/index.php?rest_route=\/wp\/v2\/posts\/1300","targetHints":{"allow":["GET"]}}],"collection":[{"href":"https:\/\/trabucoradio.com\/home\/index.php?rest_route=\/wp\/v2\/posts"}],"about":[{"href":"https:\/\/trabucoradio.com\/home\/index.php?rest_route=\/wp\/v2\/types\/post"}],"author":[{"embeddable":true,"href":"https:\/\/trabucoradio.com\/home\/index.php?rest_route=\/wp\/v2\/users\/1"}],"replies":[{"embeddable":true,"href":"https:\/\/trabucoradio.com\/home\/index.php?rest_route=%2Fwp%2Fv2%2Fcomments&post=1300"}],"version-history":[{"count":2,"href":"https:\/\/trabucoradio.com\/home\/index.php?rest_route=\/wp\/v2\/posts\/1300\/revisions"}],"predecessor-version":[{"id":1303,"href":"https:\/\/trabucoradio.com\/home\/index.php?rest_route=\/wp\/v2\/posts\/1300\/revisions\/1303"}],"wp:featuredmedia":[{"embeddable":true,"href":"https:\/\/trabucoradio.com\/home\/index.php?rest_route=\/wp\/v2\/media\/1301"}],"wp:attachment":[{"href":"https:\/\/trabucoradio.com\/home\/index.php?rest_route=%2Fwp%2Fv2%2Fmedia&parent=1300"}],"wp:term":[{"taxonomy":"category","embeddable":true,"href":"https:\/\/trabucoradio.com\/home\/index.php?rest_route=%2Fwp%2Fv2%2Fcategories&post=1300"},{"taxonomy":"post_tag","embeddable":true,"href":"https:\/\/trabucoradio.com\/home\/index.php?rest_route=%2Fwp%2Fv2%2Ftags&post=1300"}],"curies":[{"name":"wp","href":"https:\/\/api.w.org\/{rel}","templated":true}]}}