{"id":1255,"date":"2025-01-16T15:55:42","date_gmt":"2025-01-16T21:55:42","guid":{"rendered":"https:\/\/trabucoradio.com\/home\/?p=1255"},"modified":"2025-01-16T15:55:42","modified_gmt":"2025-01-16T21:55:42","slug":"1255","status":"publish","type":"post","link":"https:\/\/trabucoradio.com\/home\/?p=1255","title":{"rendered":""},"content":{"rendered":"<p><strong>GOBIERNO FEDERAL INVERTIR\u00c1 35 MIL MDP EN CARRETERAS DE\u00a0 <\/strong><strong>M\u00c9XICO ESTE 2025<\/strong><\/p>\n<p>El gobierno de M\u00e9xico invertir\u00e1 35 mil 9 millones de pesos en construcci\u00f3n y reparaci\u00f3n de 263 kil\u00f3metros de carreteras, as\u00ed lo revel\u00f3 el titular de la Secretar\u00eda de Infraestructura, Comunicaciones y Transportes (SICT), Jes\u00fas Esteva, quien adem\u00e1s apunt\u00f3 que con esta acci\u00f3n esperan generar m\u00e1s de 253 mil empleos.<\/p>\n<p>&nbsp;<\/p>\n<p>Entre las obras, el funcionario mencion\u00f3 la carretera de Cuautla a Marquelia de los estados de Guerrero, Morelos y Puebla, en el centro del pa\u00eds; de Pachuca a Tamazunchale en las c\u00e9ntricas entidades de Hidalgo y San Luis Potos\u00ed, as\u00ed como de Bavispe a Nuevo Casas Grandes, en Sonora y Chihuahua, en el norte.<\/p>\n<p>&nbsp;<\/p>\n<p>De igual forma mencion\u00f3 el Circuito Tierra y Libertad en Morelos, el camino de Toluca a Zihuatanejo del Estado de M\u00e9xico y Guerrero, y de Salina Cruz a Zihuatanejo, en Oaxaca y Guerrero, ambos en el sur. La lista la completan la carretera de Macuspana a Esc\u00e1rcega en los sure\u00f1os Tabasco y Campeche; de Ciudad Valles a Tampico, en San Luis Potos\u00ed y Tamaulipas, y la Transpeninsular de Baja California.<\/p>\n","protected":false},"excerpt":{"rendered":"<p>GOBIERNO FEDERAL INVERTIR\u00c1 35 MIL MDP EN CARRETERAS DE\u00a0 M\u00c9XICO ESTE 2025 El gobierno de M\u00e9xico invertir\u00e1 35 mil 9 millones de pesos en construcci\u00f3n y reparaci\u00f3n de 263 kil\u00f3metros de carreteras, as\u00ed lo revel\u00f3 el titular de la Secretar\u00eda de Infraestructura, Comunicaciones y Transportes (SICT), Jes\u00fas Esteva, quien adem\u00e1s apunt\u00f3 que con esta acci\u00f3n [&hellip;]<\/p>\n","protected":false},"author":1,"featured_media":1256,"comment_status":"open","ping_status":"open","sticky":false,"template":"","format":"standard","meta":{"footnotes":""},"categories":[4],"tags":[],"class_list":["post-1255","post","type-post","status-publish","format-standard","has-post-thumbnail","hentry","category-noticias"],"_links":{"self":[{"href":"https:\/\/trabucoradio.com\/home\/index.php?rest_route=\/wp\/v2\/posts\/1255","targetHints":{"allow":["GET"]}}],"collection":[{"href":"https:\/\/trabucoradio.com\/home\/index.php?rest_route=\/wp\/v2\/posts"}],"about":[{"href":"https:\/\/trabucoradio.com\/home\/index.php?rest_route=\/wp\/v2\/types\/post"}],"author":[{"embeddable":true,"href":"https:\/\/trabucoradio.com\/home\/index.php?rest_route=\/wp\/v2\/users\/1"}],"replies":[{"embeddable":true,"href":"https:\/\/trabucoradio.com\/home\/index.php?rest_route=%2Fwp%2Fv2%2Fcomments&post=1255"}],"version-history":[{"count":1,"href":"https:\/\/trabucoradio.com\/home\/index.php?rest_route=\/wp\/v2\/posts\/1255\/revisions"}],"predecessor-version":[{"id":1257,"href":"https:\/\/trabucoradio.com\/home\/index.php?rest_route=\/wp\/v2\/posts\/1255\/revisions\/1257"}],"wp:featuredmedia":[{"embeddable":true,"href":"https:\/\/trabucoradio.com\/home\/index.php?rest_route=\/wp\/v2\/media\/1256"}],"wp:attachment":[{"href":"https:\/\/trabucoradio.com\/home\/index.php?rest_route=%2Fwp%2Fv2%2Fmedia&parent=1255"}],"wp:term":[{"taxonomy":"category","embeddable":true,"href":"https:\/\/trabucoradio.com\/home\/index.php?rest_route=%2Fwp%2Fv2%2Fcategories&post=1255"},{"taxonomy":"post_tag","embeddable":true,"href":"https:\/\/trabucoradio.com\/home\/index.php?rest_route=%2Fwp%2Fv2%2Ftags&post=1255"}],"curies":[{"name":"wp","href":"https:\/\/api.w.org\/{rel}","templated":true}]}}