{"id":1157,"date":"2024-12-23T13:29:36","date_gmt":"2024-12-23T19:29:36","guid":{"rendered":"https:\/\/trabucoradio.com\/home\/?p=1157"},"modified":"2024-12-23T13:29:36","modified_gmt":"2024-12-23T19:29:36","slug":"motin-en-crest-fue-por-impedir-fuga-de-reos","status":"publish","type":"post","link":"https:\/\/trabucoradio.com\/home\/?p=1157","title":{"rendered":"MOT\u00cdN EN CREST FUE POR IMPEDIR FUGA DE REOS"},"content":{"rendered":"<p><strong>MOT\u00cdN EN CREST FUE POR IMPEDIR FUGA DE REOS<\/strong><\/p>\n<p>Durante la conferencia de prensa ma\u00f1anera de este lunes 23 de diciembre, el gobernador de Tabasco, Javier May Rodr\u00edguez, revel\u00f3 que el origen del mot\u00edn la semana pasado en el Centro de Reinserci\u00f3n Social del Estado de Tabasco (CREST), fue porque impidieron la fuga de los dos reos trasladados.<\/p>\n<p>De acuerdo a lo que inform\u00f3 el mandatario estatal, los dos prisioneros, a pesar de estar privados de su libertad en el reclusorio, eran considerados agentes generadores de violencia, por lo que su traslado era un objetivo para mejorar la seguridad.<\/p>\n<p>\u201cLa semana pasada se logr\u00f3 el objetivo de trasladar a dos personas privadas de la libertad a un penal federal. A\u00fan cuando estaban en el centro de reclusi\u00f3n del Cereso (Centro de Reinserci\u00f3n Social) de Villahermosa, son considerados generadores de violencia, por eso su traslado es una medida que contribuir\u00e1 a restablecer la paz en nuestro estado\u201d, indic\u00f3.<\/p>\n<p class=\"Typography_text-default__P3otY Typography_weight-normal__pqUbH Typography_text-default__P3otY Typography_weight-normal__pqUbH\">El jefe del ejecutivo local asegur\u00f3 que gracias a un trabajo de inteligencia se supo que planeaban fugarse.<\/p>\n<p class=\"Typography_text-default__P3otY Typography_weight-normal__pqUbH Typography_text-default__P3otY Typography_weight-normal__pqUbH\">\u201cA base de la inteligencia que ten\u00edamos, estaban planeando la fuga del penal, tambi\u00e9n por eso se tom\u00f3 la decisi\u00f3n de actuar de esta manera\u201d, manifest\u00f3.<\/p>\n<p>El mandatario estatal coment\u00f3 que habr\u00e1n cambios en el manejo de los penales del estado, as\u00ed como una nueva inversi\u00f3n para mejorar su infraestructura.<\/p>\n<p>&nbsp;<\/p>\n","protected":false},"excerpt":{"rendered":"<p>MOT\u00cdN EN CREST FUE POR IMPEDIR FUGA DE REOS Durante la conferencia de prensa ma\u00f1anera de este lunes 23 de diciembre, el gobernador de Tabasco, Javier May Rodr\u00edguez, revel\u00f3 que el origen del mot\u00edn la semana pasado en el Centro de Reinserci\u00f3n Social del Estado de Tabasco (CREST), fue porque impidieron la fuga de los [&hellip;]<\/p>\n","protected":false},"author":1,"featured_media":1158,"comment_status":"open","ping_status":"open","sticky":false,"template":"","format":"standard","meta":{"footnotes":""},"categories":[4],"tags":[],"class_list":["post-1157","post","type-post","status-publish","format-standard","has-post-thumbnail","hentry","category-noticias"],"_links":{"self":[{"href":"https:\/\/trabucoradio.com\/home\/index.php?rest_route=\/wp\/v2\/posts\/1157","targetHints":{"allow":["GET"]}}],"collection":[{"href":"https:\/\/trabucoradio.com\/home\/index.php?rest_route=\/wp\/v2\/posts"}],"about":[{"href":"https:\/\/trabucoradio.com\/home\/index.php?rest_route=\/wp\/v2\/types\/post"}],"author":[{"embeddable":true,"href":"https:\/\/trabucoradio.com\/home\/index.php?rest_route=\/wp\/v2\/users\/1"}],"replies":[{"embeddable":true,"href":"https:\/\/trabucoradio.com\/home\/index.php?rest_route=%2Fwp%2Fv2%2Fcomments&post=1157"}],"version-history":[{"count":1,"href":"https:\/\/trabucoradio.com\/home\/index.php?rest_route=\/wp\/v2\/posts\/1157\/revisions"}],"predecessor-version":[{"id":1159,"href":"https:\/\/trabucoradio.com\/home\/index.php?rest_route=\/wp\/v2\/posts\/1157\/revisions\/1159"}],"wp:featuredmedia":[{"embeddable":true,"href":"https:\/\/trabucoradio.com\/home\/index.php?rest_route=\/wp\/v2\/media\/1158"}],"wp:attachment":[{"href":"https:\/\/trabucoradio.com\/home\/index.php?rest_route=%2Fwp%2Fv2%2Fmedia&parent=1157"}],"wp:term":[{"taxonomy":"category","embeddable":true,"href":"https:\/\/trabucoradio.com\/home\/index.php?rest_route=%2Fwp%2Fv2%2Fcategories&post=1157"},{"taxonomy":"post_tag","embeddable":true,"href":"https:\/\/trabucoradio.com\/home\/index.php?rest_route=%2Fwp%2Fv2%2Ftags&post=1157"}],"curies":[{"name":"wp","href":"https:\/\/api.w.org\/{rel}","templated":true}]}}