{"id":1154,"date":"2024-12-23T13:27:07","date_gmt":"2024-12-23T19:27:07","guid":{"rendered":"https:\/\/trabucoradio.com\/home\/?p=1154"},"modified":"2024-12-23T13:27:07","modified_gmt":"2024-12-23T19:27:07","slug":"conductor-que-atropello-a-perrito-en-cardenas-ya-fue-ubicado-sspc","status":"publish","type":"post","link":"https:\/\/trabucoradio.com\/home\/?p=1154","title":{"rendered":"CONDUCTOR QUE ATROPELL\u00d3 A PERRITO EN C\u00c1RDENAS YA FUE UBICADO: SSPC"},"content":{"rendered":"<div class=\"xdj266r x11i5rnm xat24cr x1mh8g0r x1vvkbs x126k92a\">\n<div dir=\"auto\">CONDUCTOR QUE ATROPELL\u00d3 A PERRITO EN C\u00c1RDENAS YA FUE UBICADO: SSPC<\/div>\n<div dir=\"auto\"><\/div>\n<\/div>\n<div class=\"x11i5rnm xat24cr x1mh8g0r x1vvkbs xtlvy1s x126k92a\">\n<div dir=\"auto\">El titular de la Secretar\u00eda de Seguridad y Protecci\u00f3n Ciudadana (SSPC) de Tabasco, V\u00edctor Hugo Ch\u00e1vez Mart\u00ednez, confirm\u00f3 que ya fue ubicado el veh\u00edculo y el conductor de una camioneta de tres toneladas qu\u00e9 atropell\u00f3 a un perrito en el municipio de C\u00e1rdenas.<\/div>\n<div dir=\"auto\"><\/div>\n<\/div>\n<div class=\"x11i5rnm xat24cr x1mh8g0r x1vvkbs xtlvy1s x126k92a\">\n<div dir=\"auto\">Cabe se\u00f1alar que el incidente fue captado por una c\u00e1mara de vigilancia y los due\u00f1os del perrito denunciaron que el conductor de la camioneta pr\u00e1cticamente lo golpe\u00f3 de forma intencional.<\/div>\n<div dir=\"auto\"><\/div>\n<\/div>\n<div class=\"x11i5rnm xat24cr x1mh8g0r x1vvkbs xtlvy1s x126k92a\">\n<div dir=\"auto\">Por lo cual, Ch\u00e1vez Mart\u00ednez destac\u00f3 que una vez que la Polic\u00eda Estatal tuvo conocimiento del video procedieron a ubicar el veh\u00edculo y al conductor para deslindar responsabilidades.<\/div>\n<\/div>\n","protected":false},"excerpt":{"rendered":"<p>CONDUCTOR QUE ATROPELL\u00d3 A PERRITO EN C\u00c1RDENAS YA FUE UBICADO: SSPC El titular de la Secretar\u00eda de Seguridad y Protecci\u00f3n Ciudadana (SSPC) de Tabasco, V\u00edctor Hugo Ch\u00e1vez Mart\u00ednez, confirm\u00f3 que ya fue ubicado el veh\u00edculo y el conductor de una camioneta de tres toneladas qu\u00e9 atropell\u00f3 a un perrito en el municipio de C\u00e1rdenas. Cabe [&hellip;]<\/p>\n","protected":false},"author":1,"featured_media":1155,"comment_status":"open","ping_status":"open","sticky":false,"template":"","format":"standard","meta":{"footnotes":""},"categories":[4],"tags":[],"class_list":["post-1154","post","type-post","status-publish","format-standard","has-post-thumbnail","hentry","category-noticias"],"_links":{"self":[{"href":"https:\/\/trabucoradio.com\/home\/index.php?rest_route=\/wp\/v2\/posts\/1154","targetHints":{"allow":["GET"]}}],"collection":[{"href":"https:\/\/trabucoradio.com\/home\/index.php?rest_route=\/wp\/v2\/posts"}],"about":[{"href":"https:\/\/trabucoradio.com\/home\/index.php?rest_route=\/wp\/v2\/types\/post"}],"author":[{"embeddable":true,"href":"https:\/\/trabucoradio.com\/home\/index.php?rest_route=\/wp\/v2\/users\/1"}],"replies":[{"embeddable":true,"href":"https:\/\/trabucoradio.com\/home\/index.php?rest_route=%2Fwp%2Fv2%2Fcomments&post=1154"}],"version-history":[{"count":1,"href":"https:\/\/trabucoradio.com\/home\/index.php?rest_route=\/wp\/v2\/posts\/1154\/revisions"}],"predecessor-version":[{"id":1156,"href":"https:\/\/trabucoradio.com\/home\/index.php?rest_route=\/wp\/v2\/posts\/1154\/revisions\/1156"}],"wp:featuredmedia":[{"embeddable":true,"href":"https:\/\/trabucoradio.com\/home\/index.php?rest_route=\/wp\/v2\/media\/1155"}],"wp:attachment":[{"href":"https:\/\/trabucoradio.com\/home\/index.php?rest_route=%2Fwp%2Fv2%2Fmedia&parent=1154"}],"wp:term":[{"taxonomy":"category","embeddable":true,"href":"https:\/\/trabucoradio.com\/home\/index.php?rest_route=%2Fwp%2Fv2%2Fcategories&post=1154"},{"taxonomy":"post_tag","embeddable":true,"href":"https:\/\/trabucoradio.com\/home\/index.php?rest_route=%2Fwp%2Fv2%2Ftags&post=1154"}],"curies":[{"name":"wp","href":"https:\/\/api.w.org\/{rel}","templated":true}]}}