{"id":1138,"date":"2024-12-17T15:22:53","date_gmt":"2024-12-17T21:22:53","guid":{"rendered":"https:\/\/trabucoradio.com\/home\/?p=1138"},"modified":"2024-12-17T15:22:53","modified_gmt":"2024-12-17T21:22:53","slug":"muere-el-periodista-guillermo-hubner-diaz-tras-varios-dias-hospitalizado","status":"publish","type":"post","link":"https:\/\/trabucoradio.com\/home\/?p=1138","title":{"rendered":"MUERE EL PERIODISTA GUILLERMO H\u00dcBNER D\u00cdAZ TRAS VARIOS D\u00cdAS HOSPITALIZADO"},"content":{"rendered":"<div class=\"xdj266r x11i5rnm xat24cr x1mh8g0r x1vvkbs x126k92a\">\n<div dir=\"auto\">MUERE EL PERIODISTA GUILLERMO H\u00dcBNER D\u00cdAZ TRAS VARIOS D\u00cdAS HOSPITALIZADO<\/div>\n<div dir=\"auto\"><\/div>\n<\/div>\n<div class=\"x11i5rnm xat24cr x1mh8g0r x1vvkbs xtlvy1s x126k92a\">\n<div dir=\"auto\">El periodista tabasque\u00f1o Guillermo H\u00fcbner D\u00edaz falleci\u00f3 hoy a los 82 a\u00f1os de edad, tras permanecer varios d\u00edas hospitalizado.<\/div>\n<div dir=\"auto\"><\/div>\n<\/div>\n<div class=\"x11i5rnm xat24cr x1mh8g0r x1vvkbs xtlvy1s x126k92a\">\n<div dir=\"auto\">La tarde del pasado 25 de noviembre, el comunicador sufri\u00f3 un accidente mientras caminaba en las calles del Centro de la Ciudad, lo que le ocasion\u00f3 un hematoma craneal.<\/div>\n<div dir=\"auto\"><\/div>\n<\/div>\n<div class=\"x11i5rnm xat24cr x1mh8g0r x1vvkbs xtlvy1s x126k92a\">\n<div dir=\"auto\">Se le practic\u00f3 una cirug\u00eda en el Hospital \u00abGustavo A. Rovirosa\u00bb, donde se encontraba internado con pron\u00f3stico reservado, sin embargo, este martes a las 4:30 de la ma\u00f1ana falleci\u00f3.<\/div>\n<div dir=\"auto\"><\/div>\n<\/div>\n<div class=\"x11i5rnm xat24cr x1mh8g0r x1vvkbs xtlvy1s x126k92a\">\n<div dir=\"auto\">Guillermo H\u00fcbner, Inici\u00f3 su carrera en el Semanario \u00abPionero\u00bb, del tambi\u00e9n tabasque\u00f1o Francisco Peralta Burelo, con sede en la Ciudad de M\u00e9xico; tambi\u00e9n fue reportero de la revista \u00abIniciativa\u00bb de circulaci\u00f3n nacional, bajo la direcci\u00f3n de Mario Huacuja Betancourt y de \u00abEl Universal\u00bb.<\/div>\n<\/div>\n","protected":false},"excerpt":{"rendered":"<p>MUERE EL PERIODISTA GUILLERMO H\u00dcBNER D\u00cdAZ TRAS VARIOS D\u00cdAS HOSPITALIZADO El periodista tabasque\u00f1o Guillermo H\u00fcbner D\u00edaz falleci\u00f3 hoy a los 82 a\u00f1os de edad, tras permanecer varios d\u00edas hospitalizado. La tarde del pasado 25 de noviembre, el comunicador sufri\u00f3 un accidente mientras caminaba en las calles del Centro de la Ciudad, lo que le ocasion\u00f3 [&hellip;]<\/p>\n","protected":false},"author":1,"featured_media":1139,"comment_status":"open","ping_status":"open","sticky":false,"template":"","format":"standard","meta":{"footnotes":""},"categories":[4],"tags":[],"class_list":["post-1138","post","type-post","status-publish","format-standard","has-post-thumbnail","hentry","category-noticias"],"_links":{"self":[{"href":"https:\/\/trabucoradio.com\/home\/index.php?rest_route=\/wp\/v2\/posts\/1138","targetHints":{"allow":["GET"]}}],"collection":[{"href":"https:\/\/trabucoradio.com\/home\/index.php?rest_route=\/wp\/v2\/posts"}],"about":[{"href":"https:\/\/trabucoradio.com\/home\/index.php?rest_route=\/wp\/v2\/types\/post"}],"author":[{"embeddable":true,"href":"https:\/\/trabucoradio.com\/home\/index.php?rest_route=\/wp\/v2\/users\/1"}],"replies":[{"embeddable":true,"href":"https:\/\/trabucoradio.com\/home\/index.php?rest_route=%2Fwp%2Fv2%2Fcomments&post=1138"}],"version-history":[{"count":1,"href":"https:\/\/trabucoradio.com\/home\/index.php?rest_route=\/wp\/v2\/posts\/1138\/revisions"}],"predecessor-version":[{"id":1140,"href":"https:\/\/trabucoradio.com\/home\/index.php?rest_route=\/wp\/v2\/posts\/1138\/revisions\/1140"}],"wp:featuredmedia":[{"embeddable":true,"href":"https:\/\/trabucoradio.com\/home\/index.php?rest_route=\/wp\/v2\/media\/1139"}],"wp:attachment":[{"href":"https:\/\/trabucoradio.com\/home\/index.php?rest_route=%2Fwp%2Fv2%2Fmedia&parent=1138"}],"wp:term":[{"taxonomy":"category","embeddable":true,"href":"https:\/\/trabucoradio.com\/home\/index.php?rest_route=%2Fwp%2Fv2%2Fcategories&post=1138"},{"taxonomy":"post_tag","embeddable":true,"href":"https:\/\/trabucoradio.com\/home\/index.php?rest_route=%2Fwp%2Fv2%2Ftags&post=1138"}],"curies":[{"name":"wp","href":"https:\/\/api.w.org\/{rel}","templated":true}]}}